{"id":159359,"date":"2025-09-03T08:00:22","date_gmt":"2025-09-03T12:00:22","guid":{"rendered":"https:\/\/www.bve.ulaval.ca\/?p=159359"},"modified":"2025-09-03T09:14:29","modified_gmt":"2025-09-03T13:14:29","slug":"venez-prier-en-chantant-a-la-maniere-de-taize","status":"publish","type":"post","link":"https:\/\/www.bve.ulaval.ca\/en\/nouvelles\/venez-prier-en-chantant-a-la-maniere-de-taize\/","title":{"rendered":"Venez prier en chantant \u00e0 la mani\u00e8re de Taiz\u00e9!"},"content":{"rendered":"<p><a href=\"https:\/\/www.bve.ulaval.ca\/wp-content\/uploads\/2023\/09\/visuels-bulletins_taize.jpg\"><img loading=\"lazy\" decoding=\"async\" class=\"wp-image-168355 size-medium alignright\" src=\"https:\/\/www.bve.ulaval.ca\/wp-content\/uploads\/2023\/09\/visuels-bulletins_taize-250x200.jpg\" alt=\"\" width=\"250\" height=\"200\" srcset=\"https:\/\/www.bve.ulaval.ca\/wp-content\/uploads\/2023\/09\/visuels-bulletins_taize-250x200.jpg 250w, https:\/\/www.bve.ulaval.ca\/wp-content\/uploads\/2023\/09\/visuels-bulletins_taize-700x560.jpg 700w, https:\/\/www.bve.ulaval.ca\/wp-content\/uploads\/2023\/09\/visuels-bulletins_taize-768x614.jpg 768w, https:\/\/www.bve.ulaval.ca\/wp-content\/uploads\/2023\/09\/visuels-bulletins_taize-120x96.jpg 120w, https:\/\/www.bve.ulaval.ca\/wp-content\/uploads\/2023\/09\/visuels-bulletins_taize.jpg 1293w\" sizes=\"auto, (max-width: 250px) 100vw, 250px\" \/><\/a>Vous \u00eates invit\u00e9s \u00e0 une soir\u00e9e de pri\u00e8re \u00e0 la mani\u00e8re de Taiz\u00e9. Il s\u2019agit d\u2019une pri\u00e8re commune faite de chants m\u00e9ditatifs simples en plusieurs langues issus du r\u00e9pertoire de la communaut\u00e9 de Taiz\u00e9 en France, accompagn\u00e9s de la lecture d\u2019un texte biblique et de courtes pri\u00e8res.<\/p>\n<p>Le prochain rassemblement aura lieu le <strong>mercredi 17 septembre<\/strong> \u00e0 19h, pour se poursuivre tous les 1ers et 3es mercredis de chaque mois de la session, soit cet automne les 1er et 15 octobre, les 5 et 9 novembre et le 3 d\u00e9cembre \u00e0 la chapelle Marie-Guyart (local 1575 du pavillon Ernest-Lemieux, entr\u00e9e par la porte 11 du pavillon proche de la chapelle qui sera ouverte entre 18h30 et 19h30).<\/p>\n<p>Au plaisir de vous rencontrer pour prier ensemble!<\/p>\n<p><strong>Information<\/strong><br \/>\n<a href=\"mailto:aec@asso.ulaval.ca\">aec@asso.ulaval.ca<\/a><br \/>\n<a href=\"https:\/\/www.facebook.com\/aeculaval.ca\/\" target=\"_blank\" rel=\"noopener\">Facebook<\/a><br \/>\n<a href=\"https:\/\/www.aec.asso.ulaval.ca\/la-chapelle\/\" target=\"_blank\" rel=\"noopener\">Page de la Chapelle Marie-Guyart<\/a><\/p>\n","protected":false},"excerpt":{"rendered":"<p>Vous \u00eates invit\u00e9s \u00e0 une soir\u00e9e de pri\u00e8re \u00e0 la mani\u00e8re de Taiz\u00e9. Il s\u2019agit d\u2019une pri\u00e8re commune faite de chants m\u00e9ditatifs simples en plusieurs langues issus du r\u00e9pertoire de la communaut\u00e9 de Taiz\u00e9 en France, accompagn\u00e9s de la lecture d\u2019un texte biblique et de courtes pri\u00e8res. Le prochain rassemblement aura lieu le mercredi 17 [&hellip;]<\/p>\n","protected":false},"author":39,"featured_media":0,"comment_status":"closed","ping_status":"closed","sticky":false,"template":"","format":"standard","meta":{"_acf_changed":false,"footnotes":""},"categories":[4,53,55],"tags":[],"class_list":["post-159359","post","type-post","status-publish","format-standard","hentry","category-nouvelles","category-nouvelles-associations-etudiantes","category-nouvelles-vie-spirituelle"],"acf":[],"yoast_head":"<!-- This site is optimized with the Yoast SEO plugin v27.5 - https:\/\/yoast.com\/product\/yoast-seo-wordpress\/ -->\n<title>Venez prier en chantant \u00e0 la mani\u00e8re de Taiz\u00e9! | Bureau de la vie \u00e9tudiante<\/title>\n<meta name=\"robots\" content=\"index, follow, max-snippet:-1, max-image-preview:large, max-video-preview:-1\" \/>\n<link rel=\"canonical\" href=\"https:\/\/www.bve.ulaval.ca\/en\/nouvelles\/venez-prier-en-chantant-a-la-maniere-de-taize\/\" \/>\n<meta property=\"og:locale\" content=\"en_US\" \/>\n<meta property=\"og:type\" content=\"article\" \/>\n<meta property=\"og:title\" content=\"Venez prier en chantant \u00e0 la mani\u00e8re de Taiz\u00e9! | Bureau de la vie \u00e9tudiante\" \/>\n<meta property=\"og:description\" content=\"Vous \u00eates invit\u00e9s \u00e0 une soir\u00e9e de pri\u00e8re \u00e0 la mani\u00e8re de Taiz\u00e9. Il s\u2019agit d\u2019une pri\u00e8re commune faite de chants m\u00e9ditatifs simples en plusieurs langues issus du r\u00e9pertoire de la communaut\u00e9 de Taiz\u00e9 en France, accompagn\u00e9s de la lecture d\u2019un texte biblique et de courtes pri\u00e8res. Le prochain rassemblement aura lieu le mercredi 17 [&hellip;]\" \/>\n<meta property=\"og:url\" content=\"https:\/\/www.bve.ulaval.ca\/en\/nouvelles\/venez-prier-en-chantant-a-la-maniere-de-taize\/\" \/>\n<meta property=\"og:site_name\" content=\"Bureau de la vie \u00e9tudiante\" \/>\n<meta property=\"article:publisher\" content=\"https:\/\/www.facebook.com\/BVEvieetudiante\" \/>\n<meta property=\"article:published_time\" content=\"2025-09-03T12:00:22+00:00\" \/>\n<meta property=\"article:modified_time\" content=\"2025-09-03T13:14:29+00:00\" \/>\n<meta property=\"og:image\" content=\"https:\/\/www.bve.ulaval.ca\/wp-content\/uploads\/2023\/09\/visuels-bulletins_taize.jpg\" \/>\n\t<meta property=\"og:image:width\" content=\"1293\" \/>\n\t<meta property=\"og:image:height\" content=\"1034\" \/>\n\t<meta property=\"og:image:type\" content=\"image\/jpeg\" \/>\n<meta name=\"author\" content=\"Shirley Charles\" \/>\n<meta name=\"twitter:label1\" content=\"Written by\" \/>\n\t<meta name=\"twitter:data1\" content=\"Shirley Charles\" \/>\n\t<meta name=\"twitter:label2\" content=\"Est. reading time\" \/>\n\t<meta name=\"twitter:data2\" content=\"1 minute\" \/>\n<script type=\"application\/ld+json\" class=\"yoast-schema-graph\">{\"@context\":\"https:\\\/\\\/schema.org\",\"@graph\":[{\"@type\":\"Article\",\"@id\":\"https:\\\/\\\/www.bve.ulaval.ca\\\/en\\\/nouvelles\\\/venez-prier-en-chantant-a-la-maniere-de-taize\\\/#article\",\"isPartOf\":{\"@id\":\"https:\\\/\\\/www.bve.ulaval.ca\\\/en\\\/nouvelles\\\/venez-prier-en-chantant-a-la-maniere-de-taize\\\/\"},\"author\":{\"name\":\"Shirley Charles\",\"@id\":\"https:\\\/\\\/www.bve.ulaval.ca\\\/en\\\/#\\\/schema\\\/person\\\/d02f3d365a7c9bbb76f3fd476b1ce020\"},\"headline\":\"Venez prier en chantant \u00e0 la mani\u00e8re de Taiz\u00e9!\",\"datePublished\":\"2025-09-03T12:00:22+00:00\",\"dateModified\":\"2025-09-03T13:14:29+00:00\",\"mainEntityOfPage\":{\"@id\":\"https:\\\/\\\/www.bve.ulaval.ca\\\/en\\\/nouvelles\\\/venez-prier-en-chantant-a-la-maniere-de-taize\\\/\"},\"wordCount\":148,\"image\":{\"@id\":\"https:\\\/\\\/www.bve.ulaval.ca\\\/en\\\/nouvelles\\\/venez-prier-en-chantant-a-la-maniere-de-taize\\\/#primaryimage\"},\"thumbnailUrl\":\"https:\\\/\\\/www.bve.ulaval.ca\\\/wp-content\\\/uploads\\\/2023\\\/09\\\/visuels-bulletins_taize-250x200.jpg\",\"articleSection\":[\"Nouvelles\",\"Nouvelles - Associations \u00e9tudiantes\",\"Nouvelles - Vie spirituelle\"],\"inLanguage\":\"en-US\"},{\"@type\":\"WebPage\",\"@id\":\"https:\\\/\\\/www.bve.ulaval.ca\\\/en\\\/nouvelles\\\/venez-prier-en-chantant-a-la-maniere-de-taize\\\/\",\"url\":\"https:\\\/\\\/www.bve.ulaval.ca\\\/en\\\/nouvelles\\\/venez-prier-en-chantant-a-la-maniere-de-taize\\\/\",\"name\":\"Venez prier en chantant \u00e0 la mani\u00e8re de Taiz\u00e9! | Bureau de la vie \u00e9tudiante\",\"isPartOf\":{\"@id\":\"https:\\\/\\\/www.bve.ulaval.ca\\\/en\\\/#website\"},\"primaryImageOfPage\":{\"@id\":\"https:\\\/\\\/www.bve.ulaval.ca\\\/en\\\/nouvelles\\\/venez-prier-en-chantant-a-la-maniere-de-taize\\\/#primaryimage\"},\"image\":{\"@id\":\"https:\\\/\\\/www.bve.ulaval.ca\\\/en\\\/nouvelles\\\/venez-prier-en-chantant-a-la-maniere-de-taize\\\/#primaryimage\"},\"thumbnailUrl\":\"https:\\\/\\\/www.bve.ulaval.ca\\\/wp-content\\\/uploads\\\/2023\\\/09\\\/visuels-bulletins_taize-250x200.jpg\",\"datePublished\":\"2025-09-03T12:00:22+00:00\",\"dateModified\":\"2025-09-03T13:14:29+00:00\",\"author\":{\"@id\":\"https:\\\/\\\/www.bve.ulaval.ca\\\/en\\\/#\\\/schema\\\/person\\\/d02f3d365a7c9bbb76f3fd476b1ce020\"},\"breadcrumb\":{\"@id\":\"https:\\\/\\\/www.bve.ulaval.ca\\\/en\\\/nouvelles\\\/venez-prier-en-chantant-a-la-maniere-de-taize\\\/#breadcrumb\"},\"inLanguage\":\"en-US\",\"potentialAction\":[{\"@type\":\"ReadAction\",\"target\":[\"https:\\\/\\\/www.bve.ulaval.ca\\\/en\\\/nouvelles\\\/venez-prier-en-chantant-a-la-maniere-de-taize\\\/\"]}]},{\"@type\":\"ImageObject\",\"inLanguage\":\"en-US\",\"@id\":\"https:\\\/\\\/www.bve.ulaval.ca\\\/en\\\/nouvelles\\\/venez-prier-en-chantant-a-la-maniere-de-taize\\\/#primaryimage\",\"url\":\"https:\\\/\\\/www.bve.ulaval.ca\\\/wp-content\\\/uploads\\\/2023\\\/09\\\/visuels-bulletins_taize-250x200.jpg\",\"contentUrl\":\"https:\\\/\\\/www.bve.ulaval.ca\\\/wp-content\\\/uploads\\\/2023\\\/09\\\/visuels-bulletins_taize-250x200.jpg\"},{\"@type\":\"BreadcrumbList\",\"@id\":\"https:\\\/\\\/www.bve.ulaval.ca\\\/en\\\/nouvelles\\\/venez-prier-en-chantant-a-la-maniere-de-taize\\\/#breadcrumb\",\"itemListElement\":[{\"@type\":\"ListItem\",\"position\":1,\"name\":\"Accueil\",\"item\":\"https:\\\/\\\/www.bve.ulaval.ca\\\/en\\\/\"},{\"@type\":\"ListItem\",\"position\":2,\"name\":\"Venez prier en chantant \u00e0 la mani\u00e8re de Taiz\u00e9!\"}]},{\"@type\":\"WebSite\",\"@id\":\"https:\\\/\\\/www.bve.ulaval.ca\\\/en\\\/#website\",\"url\":\"https:\\\/\\\/www.bve.ulaval.ca\\\/en\\\/\",\"name\":\"Bureau de la vie \u00e9tudiante\",\"description\":\"Universit\u00e9 Laval\",\"potentialAction\":[{\"@type\":\"SearchAction\",\"target\":{\"@type\":\"EntryPoint\",\"urlTemplate\":\"https:\\\/\\\/www.bve.ulaval.ca\\\/en\\\/?s={search_term_string}\"},\"query-input\":{\"@type\":\"PropertyValueSpecification\",\"valueRequired\":true,\"valueName\":\"search_term_string\"}}],\"inLanguage\":\"en-US\"},{\"@type\":\"Person\",\"@id\":\"https:\\\/\\\/www.bve.ulaval.ca\\\/en\\\/#\\\/schema\\\/person\\\/d02f3d365a7c9bbb76f3fd476b1ce020\",\"name\":\"Shirley Charles\",\"image\":{\"@type\":\"ImageObject\",\"inLanguage\":\"en-US\",\"@id\":\"https:\\\/\\\/secure.gravatar.com\\\/avatar\\\/b5920ff61d14f37c3c5cfad27bbbbe0a51a7935c98b2453a2ed402e47c41b93a?s=96&d=mm&r=g\",\"url\":\"https:\\\/\\\/secure.gravatar.com\\\/avatar\\\/b5920ff61d14f37c3c5cfad27bbbbe0a51a7935c98b2453a2ed402e47c41b93a?s=96&d=mm&r=g\",\"contentUrl\":\"https:\\\/\\\/secure.gravatar.com\\\/avatar\\\/b5920ff61d14f37c3c5cfad27bbbbe0a51a7935c98b2453a2ed402e47c41b93a?s=96&d=mm&r=g\",\"caption\":\"Shirley Charles\"},\"sameAs\":[\"http:\\\/\\\/capar77\"],\"url\":\"https:\\\/\\\/www.bve.ulaval.ca\\\/en\\\/author\\\/shcha20\\\/\"}]}<\/script>\n<!-- \/ Yoast SEO plugin. -->","yoast_head_json":{"title":"Venez prier en chantant \u00e0 la mani\u00e8re de Taiz\u00e9! | Bureau de la vie \u00e9tudiante","robots":{"index":"index","follow":"follow","max-snippet":"max-snippet:-1","max-image-preview":"max-image-preview:large","max-video-preview":"max-video-preview:-1"},"canonical":"https:\/\/www.bve.ulaval.ca\/en\/nouvelles\/venez-prier-en-chantant-a-la-maniere-de-taize\/","og_locale":"en_US","og_type":"article","og_title":"Venez prier en chantant \u00e0 la mani\u00e8re de Taiz\u00e9! | Bureau de la vie \u00e9tudiante","og_description":"Vous \u00eates invit\u00e9s \u00e0 une soir\u00e9e de pri\u00e8re \u00e0 la mani\u00e8re de Taiz\u00e9. Il s\u2019agit d\u2019une pri\u00e8re commune faite de chants m\u00e9ditatifs simples en plusieurs langues issus du r\u00e9pertoire de la communaut\u00e9 de Taiz\u00e9 en France, accompagn\u00e9s de la lecture d\u2019un texte biblique et de courtes pri\u00e8res. Le prochain rassemblement aura lieu le mercredi 17 [&hellip;]","og_url":"https:\/\/www.bve.ulaval.ca\/en\/nouvelles\/venez-prier-en-chantant-a-la-maniere-de-taize\/","og_site_name":"Bureau de la vie \u00e9tudiante","article_publisher":"https:\/\/www.facebook.com\/BVEvieetudiante","article_published_time":"2025-09-03T12:00:22+00:00","article_modified_time":"2025-09-03T13:14:29+00:00","og_image":[{"width":1293,"height":1034,"url":"https:\/\/www.bve.ulaval.ca\/wp-content\/uploads\/2023\/09\/visuels-bulletins_taize.jpg","type":"image\/jpeg"}],"author":"Shirley Charles","twitter_misc":{"Written by":"Shirley Charles","Est. reading time":"1 minute"},"schema":{"@context":"https:\/\/schema.org","@graph":[{"@type":"Article","@id":"https:\/\/www.bve.ulaval.ca\/en\/nouvelles\/venez-prier-en-chantant-a-la-maniere-de-taize\/#article","isPartOf":{"@id":"https:\/\/www.bve.ulaval.ca\/en\/nouvelles\/venez-prier-en-chantant-a-la-maniere-de-taize\/"},"author":{"name":"Shirley Charles","@id":"https:\/\/www.bve.ulaval.ca\/en\/#\/schema\/person\/d02f3d365a7c9bbb76f3fd476b1ce020"},"headline":"Venez prier en chantant \u00e0 la mani\u00e8re de Taiz\u00e9!","datePublished":"2025-09-03T12:00:22+00:00","dateModified":"2025-09-03T13:14:29+00:00","mainEntityOfPage":{"@id":"https:\/\/www.bve.ulaval.ca\/en\/nouvelles\/venez-prier-en-chantant-a-la-maniere-de-taize\/"},"wordCount":148,"image":{"@id":"https:\/\/www.bve.ulaval.ca\/en\/nouvelles\/venez-prier-en-chantant-a-la-maniere-de-taize\/#primaryimage"},"thumbnailUrl":"https:\/\/www.bve.ulaval.ca\/wp-content\/uploads\/2023\/09\/visuels-bulletins_taize-250x200.jpg","articleSection":["Nouvelles","Nouvelles - Associations \u00e9tudiantes","Nouvelles - Vie spirituelle"],"inLanguage":"en-US"},{"@type":"WebPage","@id":"https:\/\/www.bve.ulaval.ca\/en\/nouvelles\/venez-prier-en-chantant-a-la-maniere-de-taize\/","url":"https:\/\/www.bve.ulaval.ca\/en\/nouvelles\/venez-prier-en-chantant-a-la-maniere-de-taize\/","name":"Venez prier en chantant \u00e0 la mani\u00e8re de Taiz\u00e9! | Bureau de la vie \u00e9tudiante","isPartOf":{"@id":"https:\/\/www.bve.ulaval.ca\/en\/#website"},"primaryImageOfPage":{"@id":"https:\/\/www.bve.ulaval.ca\/en\/nouvelles\/venez-prier-en-chantant-a-la-maniere-de-taize\/#primaryimage"},"image":{"@id":"https:\/\/www.bve.ulaval.ca\/en\/nouvelles\/venez-prier-en-chantant-a-la-maniere-de-taize\/#primaryimage"},"thumbnailUrl":"https:\/\/www.bve.ulaval.ca\/wp-content\/uploads\/2023\/09\/visuels-bulletins_taize-250x200.jpg","datePublished":"2025-09-03T12:00:22+00:00","dateModified":"2025-09-03T13:14:29+00:00","author":{"@id":"https:\/\/www.bve.ulaval.ca\/en\/#\/schema\/person\/d02f3d365a7c9bbb76f3fd476b1ce020"},"breadcrumb":{"@id":"https:\/\/www.bve.ulaval.ca\/en\/nouvelles\/venez-prier-en-chantant-a-la-maniere-de-taize\/#breadcrumb"},"inLanguage":"en-US","potentialAction":[{"@type":"ReadAction","target":["https:\/\/www.bve.ulaval.ca\/en\/nouvelles\/venez-prier-en-chantant-a-la-maniere-de-taize\/"]}]},{"@type":"ImageObject","inLanguage":"en-US","@id":"https:\/\/www.bve.ulaval.ca\/en\/nouvelles\/venez-prier-en-chantant-a-la-maniere-de-taize\/#primaryimage","url":"https:\/\/www.bve.ulaval.ca\/wp-content\/uploads\/2023\/09\/visuels-bulletins_taize-250x200.jpg","contentUrl":"https:\/\/www.bve.ulaval.ca\/wp-content\/uploads\/2023\/09\/visuels-bulletins_taize-250x200.jpg"},{"@type":"BreadcrumbList","@id":"https:\/\/www.bve.ulaval.ca\/en\/nouvelles\/venez-prier-en-chantant-a-la-maniere-de-taize\/#breadcrumb","itemListElement":[{"@type":"ListItem","position":1,"name":"Accueil","item":"https:\/\/www.bve.ulaval.ca\/en\/"},{"@type":"ListItem","position":2,"name":"Venez prier en chantant \u00e0 la mani\u00e8re de Taiz\u00e9!"}]},{"@type":"WebSite","@id":"https:\/\/www.bve.ulaval.ca\/en\/#website","url":"https:\/\/www.bve.ulaval.ca\/en\/","name":"Bureau de la vie \u00e9tudiante","description":"Universit\u00e9 Laval","potentialAction":[{"@type":"SearchAction","target":{"@type":"EntryPoint","urlTemplate":"https:\/\/www.bve.ulaval.ca\/en\/?s={search_term_string}"},"query-input":{"@type":"PropertyValueSpecification","valueRequired":true,"valueName":"search_term_string"}}],"inLanguage":"en-US"},{"@type":"Person","@id":"https:\/\/www.bve.ulaval.ca\/en\/#\/schema\/person\/d02f3d365a7c9bbb76f3fd476b1ce020","name":"Shirley Charles","image":{"@type":"ImageObject","inLanguage":"en-US","@id":"https:\/\/secure.gravatar.com\/avatar\/b5920ff61d14f37c3c5cfad27bbbbe0a51a7935c98b2453a2ed402e47c41b93a?s=96&d=mm&r=g","url":"https:\/\/secure.gravatar.com\/avatar\/b5920ff61d14f37c3c5cfad27bbbbe0a51a7935c98b2453a2ed402e47c41b93a?s=96&d=mm&r=g","contentUrl":"https:\/\/secure.gravatar.com\/avatar\/b5920ff61d14f37c3c5cfad27bbbbe0a51a7935c98b2453a2ed402e47c41b93a?s=96&d=mm&r=g","caption":"Shirley Charles"},"sameAs":["http:\/\/capar77"],"url":"https:\/\/www.bve.ulaval.ca\/en\/author\/shcha20\/"}]}},"_links":{"self":[{"href":"https:\/\/www.bve.ulaval.ca\/en\/wp-json\/wp\/v2\/posts\/159359","targetHints":{"allow":["GET"]}}],"collection":[{"href":"https:\/\/www.bve.ulaval.ca\/en\/wp-json\/wp\/v2\/posts"}],"about":[{"href":"https:\/\/www.bve.ulaval.ca\/en\/wp-json\/wp\/v2\/types\/post"}],"author":[{"embeddable":true,"href":"https:\/\/www.bve.ulaval.ca\/en\/wp-json\/wp\/v2\/users\/39"}],"replies":[{"embeddable":true,"href":"https:\/\/www.bve.ulaval.ca\/en\/wp-json\/wp\/v2\/comments?post=159359"}],"version-history":[{"count":0,"href":"https:\/\/www.bve.ulaval.ca\/en\/wp-json\/wp\/v2\/posts\/159359\/revisions"}],"wp:attachment":[{"href":"https:\/\/www.bve.ulaval.ca\/en\/wp-json\/wp\/v2\/media?parent=159359"}],"wp:term":[{"taxonomy":"category","embeddable":true,"href":"https:\/\/www.bve.ulaval.ca\/en\/wp-json\/wp\/v2\/categories?post=159359"},{"taxonomy":"post_tag","embeddable":true,"href":"https:\/\/www.bve.ulaval.ca\/en\/wp-json\/wp\/v2\/tags?post=159359"}],"curies":[{"name":"wp","href":"https:\/\/api.w.org\/{rel}","templated":true}]}}