{"id":168586,"date":"2025-09-17T08:00:15","date_gmt":"2025-09-17T12:00:15","guid":{"rendered":"https:\/\/www.bve.ulaval.ca\/?p=168586"},"modified":"2025-09-18T06:53:42","modified_gmt":"2025-09-18T10:53:42","slug":"une-projection-pour-linclusion","status":"publish","type":"post","link":"https:\/\/www.bve.ulaval.ca\/en\/nouvelles\/une-projection-pour-linclusion\/","title":{"rendered":"Une projection pour l&#8217;inclusion"},"content":{"rendered":"<p><a href=\"https:\/\/www.bve.ulaval.ca\/wp-content\/uploads\/2024\/09\/ffeq_inclsuion.jpg\"><img loading=\"lazy\" decoding=\"async\" class=\"wp-image-171163 size-medium alignright\" src=\"https:\/\/www.bve.ulaval.ca\/wp-content\/uploads\/2024\/09\/ffeq_inclsuion-250x200.jpg\" alt=\"\" width=\"250\" height=\"200\" srcset=\"https:\/\/www.bve.ulaval.ca\/wp-content\/uploads\/2024\/09\/ffeq_inclsuion-250x200.jpg 250w, https:\/\/www.bve.ulaval.ca\/wp-content\/uploads\/2024\/09\/ffeq_inclsuion-700x560.jpg 700w, https:\/\/www.bve.ulaval.ca\/wp-content\/uploads\/2024\/09\/ffeq_inclsuion-768x614.jpg 768w, https:\/\/www.bve.ulaval.ca\/wp-content\/uploads\/2024\/09\/ffeq_inclsuion-120x96.jpg 120w, https:\/\/www.bve.ulaval.ca\/wp-content\/uploads\/2024\/09\/ffeq_inclsuion.jpg 1293w\" sizes=\"auto, (max-width: 250px) 100vw, 250px\" \/><\/a>Dans le cadre de la 2e Semaine de l&#8217;inclusion de l&#8217;Universit\u00e9 Laval, le Festival du film \u00e9tudiant de Qu\u00e9bec (FFEQ) vous invite \u00e0 d\u00e9couvrir ou red\u00e9couvrir une s\u00e9lection de courts-m\u00e9trages pr\u00e9sent\u00e9s lors de la 23e \u00e9dition du Festival en mars 2025. Ces films abordent des th\u00e8mes tels que l\u2019inclusion sociale, la vie en communaut\u00e9 et l\u2019acceptation des diff\u00e9rences.<\/p>\n<p>Rendez-vous le samedi <strong>11 octobre 2025<\/strong> d\u00e8s 13h30 au Cin\u00e9ma Beaumont situ\u00e9 au 4e \u00e9tage du 541 rue Saint-Vallier E, Qu\u00e9bec, G1K 3P9.<\/p>\n<p>Seront pr\u00e9sent\u00e9s:<\/p>\n<ul style=\"list-style-type: disc;\">\n<li>Ursa Major &#8211; Roxanne S\u00e9vigny (Universit\u00e9 Laval)<\/li>\n<li>Racines &#8211; Mathieu B\u00e9langer-Landry (UQAM)<\/li>\n<li>\u00c9TERNEL &#8211; Corentin Morisseau (C\u00e9gep de Rivi\u00e8re-du-Loup)<\/li>\n<li>Nouvelle destination &#8211; Ma\u00ebl Thibodeau (C\u00e9gep de Lanaudi\u00e8re)<\/li>\n<li>Marie &amp; moi &#8211; Diane Premi (INIS)<\/li>\n<li>Points de vue &#8211; Bastien Blanchet (C\u00e9gep de L\u00e9vis)<\/li>\n<li>Au-del\u00e0 du regard &#8211; Arianna Bardesono (INIS)<\/li>\n<\/ul>\n<p>Et plus encore!<\/p>\n<p>La projection est d&#8217;une dur\u00e9e d&#8217;1h10 et sera suivie d&#8217;un \u00e9change avec les membres des \u00e9quipes techniques pr\u00e9sents.<\/p>\n<p><a href=\"https:\/\/lepointdevente.com\/billets\/projectioninclusion?fbclid=IwY2xjawM2j4pleHRuA2FlbQIxMAABHkXUFa_k4qfX_OnhmeOiILppmEBAXwabKfJPHvvBrhV4MFL-9_ofCsB1FwCx_aem_qA5pyc85CsXZseXoEBBt-g\" target=\"_blank\" rel=\"noopener\">Procurez-vous vos billets d\u00e8s maintenant!<\/a><\/p>\n<p><strong>Le FFEQ<\/strong><\/p>\n<p>Depuis maintenant plus 20 ans, le FFEQ fait la promotion du cin\u00e9ma \u00e9tudiant et offre une tribune internationale aux cin\u00e9astes de demain. Chaque ann\u00e9e, le festival r\u00e9compense de nombreux courts-m\u00e9trages de fiction, d\u2019animation, mais aussi des documentaires ainsi que des films exp\u00e9rimentaux.<\/p>\n<p><strong>Information<\/strong><br \/>\n<a href=\"https:\/\/www.facebook.com\/share\/19pfZBmGGk\/\" target=\"_blank\" rel=\"noopener\">\u00c9v\u00e9nement Facebook<\/a><br \/>\n<a href=\"mailto:direction@ffeq.ca\">direction@ffeq.ca<\/a><\/p>\n","protected":false},"excerpt":{"rendered":"<p>Dans le cadre de la 2e Semaine de l&#8217;inclusion de l&#8217;Universit\u00e9 Laval, le Festival du film \u00e9tudiant de Qu\u00e9bec (FFEQ) vous invite \u00e0 d\u00e9couvrir ou red\u00e9couvrir une s\u00e9lection de courts-m\u00e9trages pr\u00e9sent\u00e9s lors de la 23e \u00e9dition du Festival en mars 2025. Ces films abordent des th\u00e8mes tels que l\u2019inclusion sociale, la vie en communaut\u00e9 et [&hellip;]<\/p>\n","protected":false},"author":39,"featured_media":0,"comment_status":"closed","ping_status":"closed","sticky":false,"template":"","format":"standard","meta":{"_acf_changed":false,"footnotes":""},"categories":[4,53,54],"tags":[],"class_list":["post-168586","post","type-post","status-publish","format-standard","hentry","category-nouvelles","category-nouvelles-associations-etudiantes","category-nouvelles-vie-artistique"],"acf":[],"yoast_head":"<!-- This site is optimized with the Yoast SEO plugin v27.5 - https:\/\/yoast.com\/product\/yoast-seo-wordpress\/ -->\n<title>Une projection pour l&#039;inclusion | Bureau de la vie \u00e9tudiante<\/title>\n<meta name=\"robots\" content=\"index, follow, max-snippet:-1, max-image-preview:large, max-video-preview:-1\" \/>\n<link rel=\"canonical\" href=\"https:\/\/www.bve.ulaval.ca\/en\/nouvelles\/une-projection-pour-linclusion\/\" \/>\n<meta property=\"og:locale\" content=\"en_US\" \/>\n<meta property=\"og:type\" content=\"article\" \/>\n<meta property=\"og:title\" content=\"Une projection pour l&#039;inclusion | Bureau de la vie \u00e9tudiante\" \/>\n<meta property=\"og:description\" content=\"Dans le cadre de la 2e Semaine de l&#8217;inclusion de l&#8217;Universit\u00e9 Laval, le Festival du film \u00e9tudiant de Qu\u00e9bec (FFEQ) vous invite \u00e0 d\u00e9couvrir ou red\u00e9couvrir une s\u00e9lection de courts-m\u00e9trages pr\u00e9sent\u00e9s lors de la 23e \u00e9dition du Festival en mars 2025. Ces films abordent des th\u00e8mes tels que l\u2019inclusion sociale, la vie en communaut\u00e9 et [&hellip;]\" \/>\n<meta property=\"og:url\" content=\"https:\/\/www.bve.ulaval.ca\/en\/nouvelles\/une-projection-pour-linclusion\/\" \/>\n<meta property=\"og:site_name\" content=\"Bureau de la vie \u00e9tudiante\" \/>\n<meta property=\"article:publisher\" content=\"https:\/\/www.facebook.com\/BVEvieetudiante\" \/>\n<meta property=\"article:published_time\" content=\"2025-09-17T12:00:15+00:00\" \/>\n<meta property=\"article:modified_time\" content=\"2025-09-18T10:53:42+00:00\" \/>\n<meta property=\"og:image\" content=\"https:\/\/www.bve.ulaval.ca\/wp-content\/uploads\/2024\/09\/ffeq_inclsuion.jpg\" \/>\n\t<meta property=\"og:image:width\" content=\"1293\" \/>\n\t<meta property=\"og:image:height\" content=\"1034\" \/>\n\t<meta property=\"og:image:type\" content=\"image\/jpeg\" \/>\n<meta name=\"author\" content=\"Shirley Charles\" \/>\n<meta name=\"twitter:label1\" content=\"Written by\" \/>\n\t<meta name=\"twitter:data1\" content=\"Shirley Charles\" \/>\n\t<meta name=\"twitter:label2\" content=\"Est. reading time\" \/>\n\t<meta name=\"twitter:data2\" content=\"2 minutes\" \/>\n<script type=\"application\/ld+json\" class=\"yoast-schema-graph\">{\"@context\":\"https:\\\/\\\/schema.org\",\"@graph\":[{\"@type\":\"Article\",\"@id\":\"https:\\\/\\\/www.bve.ulaval.ca\\\/en\\\/nouvelles\\\/une-projection-pour-linclusion\\\/#article\",\"isPartOf\":{\"@id\":\"https:\\\/\\\/www.bve.ulaval.ca\\\/en\\\/nouvelles\\\/une-projection-pour-linclusion\\\/\"},\"author\":{\"name\":\"Shirley Charles\",\"@id\":\"https:\\\/\\\/www.bve.ulaval.ca\\\/en\\\/#\\\/schema\\\/person\\\/d02f3d365a7c9bbb76f3fd476b1ce020\"},\"headline\":\"Une projection pour l&#8217;inclusion\",\"datePublished\":\"2025-09-17T12:00:15+00:00\",\"dateModified\":\"2025-09-18T10:53:42+00:00\",\"mainEntityOfPage\":{\"@id\":\"https:\\\/\\\/www.bve.ulaval.ca\\\/en\\\/nouvelles\\\/une-projection-pour-linclusion\\\/\"},\"wordCount\":250,\"image\":{\"@id\":\"https:\\\/\\\/www.bve.ulaval.ca\\\/en\\\/nouvelles\\\/une-projection-pour-linclusion\\\/#primaryimage\"},\"thumbnailUrl\":\"https:\\\/\\\/www.bve.ulaval.ca\\\/wp-content\\\/uploads\\\/2024\\\/09\\\/ffeq_inclsuion-250x200.jpg\",\"articleSection\":[\"Nouvelles\",\"Nouvelles - Associations \u00e9tudiantes\",\"Nouvelles - Vie artistique\"],\"inLanguage\":\"en-US\"},{\"@type\":\"WebPage\",\"@id\":\"https:\\\/\\\/www.bve.ulaval.ca\\\/en\\\/nouvelles\\\/une-projection-pour-linclusion\\\/\",\"url\":\"https:\\\/\\\/www.bve.ulaval.ca\\\/en\\\/nouvelles\\\/une-projection-pour-linclusion\\\/\",\"name\":\"Une projection pour l'inclusion | Bureau de la vie \u00e9tudiante\",\"isPartOf\":{\"@id\":\"https:\\\/\\\/www.bve.ulaval.ca\\\/en\\\/#website\"},\"primaryImageOfPage\":{\"@id\":\"https:\\\/\\\/www.bve.ulaval.ca\\\/en\\\/nouvelles\\\/une-projection-pour-linclusion\\\/#primaryimage\"},\"image\":{\"@id\":\"https:\\\/\\\/www.bve.ulaval.ca\\\/en\\\/nouvelles\\\/une-projection-pour-linclusion\\\/#primaryimage\"},\"thumbnailUrl\":\"https:\\\/\\\/www.bve.ulaval.ca\\\/wp-content\\\/uploads\\\/2024\\\/09\\\/ffeq_inclsuion-250x200.jpg\",\"datePublished\":\"2025-09-17T12:00:15+00:00\",\"dateModified\":\"2025-09-18T10:53:42+00:00\",\"author\":{\"@id\":\"https:\\\/\\\/www.bve.ulaval.ca\\\/en\\\/#\\\/schema\\\/person\\\/d02f3d365a7c9bbb76f3fd476b1ce020\"},\"breadcrumb\":{\"@id\":\"https:\\\/\\\/www.bve.ulaval.ca\\\/en\\\/nouvelles\\\/une-projection-pour-linclusion\\\/#breadcrumb\"},\"inLanguage\":\"en-US\",\"potentialAction\":[{\"@type\":\"ReadAction\",\"target\":[\"https:\\\/\\\/www.bve.ulaval.ca\\\/en\\\/nouvelles\\\/une-projection-pour-linclusion\\\/\"]}]},{\"@type\":\"ImageObject\",\"inLanguage\":\"en-US\",\"@id\":\"https:\\\/\\\/www.bve.ulaval.ca\\\/en\\\/nouvelles\\\/une-projection-pour-linclusion\\\/#primaryimage\",\"url\":\"https:\\\/\\\/www.bve.ulaval.ca\\\/wp-content\\\/uploads\\\/2024\\\/09\\\/ffeq_inclsuion-250x200.jpg\",\"contentUrl\":\"https:\\\/\\\/www.bve.ulaval.ca\\\/wp-content\\\/uploads\\\/2024\\\/09\\\/ffeq_inclsuion-250x200.jpg\"},{\"@type\":\"BreadcrumbList\",\"@id\":\"https:\\\/\\\/www.bve.ulaval.ca\\\/en\\\/nouvelles\\\/une-projection-pour-linclusion\\\/#breadcrumb\",\"itemListElement\":[{\"@type\":\"ListItem\",\"position\":1,\"name\":\"Accueil\",\"item\":\"https:\\\/\\\/www.bve.ulaval.ca\\\/en\\\/\"},{\"@type\":\"ListItem\",\"position\":2,\"name\":\"Une projection pour l&rsquo;inclusion\"}]},{\"@type\":\"WebSite\",\"@id\":\"https:\\\/\\\/www.bve.ulaval.ca\\\/en\\\/#website\",\"url\":\"https:\\\/\\\/www.bve.ulaval.ca\\\/en\\\/\",\"name\":\"Bureau de la vie \u00e9tudiante\",\"description\":\"Universit\u00e9 Laval\",\"potentialAction\":[{\"@type\":\"SearchAction\",\"target\":{\"@type\":\"EntryPoint\",\"urlTemplate\":\"https:\\\/\\\/www.bve.ulaval.ca\\\/en\\\/?s={search_term_string}\"},\"query-input\":{\"@type\":\"PropertyValueSpecification\",\"valueRequired\":true,\"valueName\":\"search_term_string\"}}],\"inLanguage\":\"en-US\"},{\"@type\":\"Person\",\"@id\":\"https:\\\/\\\/www.bve.ulaval.ca\\\/en\\\/#\\\/schema\\\/person\\\/d02f3d365a7c9bbb76f3fd476b1ce020\",\"name\":\"Shirley Charles\",\"image\":{\"@type\":\"ImageObject\",\"inLanguage\":\"en-US\",\"@id\":\"https:\\\/\\\/secure.gravatar.com\\\/avatar\\\/b5920ff61d14f37c3c5cfad27bbbbe0a51a7935c98b2453a2ed402e47c41b93a?s=96&d=mm&r=g\",\"url\":\"https:\\\/\\\/secure.gravatar.com\\\/avatar\\\/b5920ff61d14f37c3c5cfad27bbbbe0a51a7935c98b2453a2ed402e47c41b93a?s=96&d=mm&r=g\",\"contentUrl\":\"https:\\\/\\\/secure.gravatar.com\\\/avatar\\\/b5920ff61d14f37c3c5cfad27bbbbe0a51a7935c98b2453a2ed402e47c41b93a?s=96&d=mm&r=g\",\"caption\":\"Shirley Charles\"},\"sameAs\":[\"http:\\\/\\\/capar77\"],\"url\":\"https:\\\/\\\/www.bve.ulaval.ca\\\/en\\\/author\\\/shcha20\\\/\"}]}<\/script>\n<!-- \/ Yoast SEO plugin. -->","yoast_head_json":{"title":"Une projection pour l'inclusion | Bureau de la vie \u00e9tudiante","robots":{"index":"index","follow":"follow","max-snippet":"max-snippet:-1","max-image-preview":"max-image-preview:large","max-video-preview":"max-video-preview:-1"},"canonical":"https:\/\/www.bve.ulaval.ca\/en\/nouvelles\/une-projection-pour-linclusion\/","og_locale":"en_US","og_type":"article","og_title":"Une projection pour l'inclusion | Bureau de la vie \u00e9tudiante","og_description":"Dans le cadre de la 2e Semaine de l&#8217;inclusion de l&#8217;Universit\u00e9 Laval, le Festival du film \u00e9tudiant de Qu\u00e9bec (FFEQ) vous invite \u00e0 d\u00e9couvrir ou red\u00e9couvrir une s\u00e9lection de courts-m\u00e9trages pr\u00e9sent\u00e9s lors de la 23e \u00e9dition du Festival en mars 2025. Ces films abordent des th\u00e8mes tels que l\u2019inclusion sociale, la vie en communaut\u00e9 et [&hellip;]","og_url":"https:\/\/www.bve.ulaval.ca\/en\/nouvelles\/une-projection-pour-linclusion\/","og_site_name":"Bureau de la vie \u00e9tudiante","article_publisher":"https:\/\/www.facebook.com\/BVEvieetudiante","article_published_time":"2025-09-17T12:00:15+00:00","article_modified_time":"2025-09-18T10:53:42+00:00","og_image":[{"width":1293,"height":1034,"url":"https:\/\/www.bve.ulaval.ca\/wp-content\/uploads\/2024\/09\/ffeq_inclsuion.jpg","type":"image\/jpeg"}],"author":"Shirley Charles","twitter_misc":{"Written by":"Shirley Charles","Est. reading time":"2 minutes"},"schema":{"@context":"https:\/\/schema.org","@graph":[{"@type":"Article","@id":"https:\/\/www.bve.ulaval.ca\/en\/nouvelles\/une-projection-pour-linclusion\/#article","isPartOf":{"@id":"https:\/\/www.bve.ulaval.ca\/en\/nouvelles\/une-projection-pour-linclusion\/"},"author":{"name":"Shirley Charles","@id":"https:\/\/www.bve.ulaval.ca\/en\/#\/schema\/person\/d02f3d365a7c9bbb76f3fd476b1ce020"},"headline":"Une projection pour l&#8217;inclusion","datePublished":"2025-09-17T12:00:15+00:00","dateModified":"2025-09-18T10:53:42+00:00","mainEntityOfPage":{"@id":"https:\/\/www.bve.ulaval.ca\/en\/nouvelles\/une-projection-pour-linclusion\/"},"wordCount":250,"image":{"@id":"https:\/\/www.bve.ulaval.ca\/en\/nouvelles\/une-projection-pour-linclusion\/#primaryimage"},"thumbnailUrl":"https:\/\/www.bve.ulaval.ca\/wp-content\/uploads\/2024\/09\/ffeq_inclsuion-250x200.jpg","articleSection":["Nouvelles","Nouvelles - Associations \u00e9tudiantes","Nouvelles - Vie artistique"],"inLanguage":"en-US"},{"@type":"WebPage","@id":"https:\/\/www.bve.ulaval.ca\/en\/nouvelles\/une-projection-pour-linclusion\/","url":"https:\/\/www.bve.ulaval.ca\/en\/nouvelles\/une-projection-pour-linclusion\/","name":"Une projection pour l'inclusion | Bureau de la vie \u00e9tudiante","isPartOf":{"@id":"https:\/\/www.bve.ulaval.ca\/en\/#website"},"primaryImageOfPage":{"@id":"https:\/\/www.bve.ulaval.ca\/en\/nouvelles\/une-projection-pour-linclusion\/#primaryimage"},"image":{"@id":"https:\/\/www.bve.ulaval.ca\/en\/nouvelles\/une-projection-pour-linclusion\/#primaryimage"},"thumbnailUrl":"https:\/\/www.bve.ulaval.ca\/wp-content\/uploads\/2024\/09\/ffeq_inclsuion-250x200.jpg","datePublished":"2025-09-17T12:00:15+00:00","dateModified":"2025-09-18T10:53:42+00:00","author":{"@id":"https:\/\/www.bve.ulaval.ca\/en\/#\/schema\/person\/d02f3d365a7c9bbb76f3fd476b1ce020"},"breadcrumb":{"@id":"https:\/\/www.bve.ulaval.ca\/en\/nouvelles\/une-projection-pour-linclusion\/#breadcrumb"},"inLanguage":"en-US","potentialAction":[{"@type":"ReadAction","target":["https:\/\/www.bve.ulaval.ca\/en\/nouvelles\/une-projection-pour-linclusion\/"]}]},{"@type":"ImageObject","inLanguage":"en-US","@id":"https:\/\/www.bve.ulaval.ca\/en\/nouvelles\/une-projection-pour-linclusion\/#primaryimage","url":"https:\/\/www.bve.ulaval.ca\/wp-content\/uploads\/2024\/09\/ffeq_inclsuion-250x200.jpg","contentUrl":"https:\/\/www.bve.ulaval.ca\/wp-content\/uploads\/2024\/09\/ffeq_inclsuion-250x200.jpg"},{"@type":"BreadcrumbList","@id":"https:\/\/www.bve.ulaval.ca\/en\/nouvelles\/une-projection-pour-linclusion\/#breadcrumb","itemListElement":[{"@type":"ListItem","position":1,"name":"Accueil","item":"https:\/\/www.bve.ulaval.ca\/en\/"},{"@type":"ListItem","position":2,"name":"Une projection pour l&rsquo;inclusion"}]},{"@type":"WebSite","@id":"https:\/\/www.bve.ulaval.ca\/en\/#website","url":"https:\/\/www.bve.ulaval.ca\/en\/","name":"Bureau de la vie \u00e9tudiante","description":"Universit\u00e9 Laval","potentialAction":[{"@type":"SearchAction","target":{"@type":"EntryPoint","urlTemplate":"https:\/\/www.bve.ulaval.ca\/en\/?s={search_term_string}"},"query-input":{"@type":"PropertyValueSpecification","valueRequired":true,"valueName":"search_term_string"}}],"inLanguage":"en-US"},{"@type":"Person","@id":"https:\/\/www.bve.ulaval.ca\/en\/#\/schema\/person\/d02f3d365a7c9bbb76f3fd476b1ce020","name":"Shirley Charles","image":{"@type":"ImageObject","inLanguage":"en-US","@id":"https:\/\/secure.gravatar.com\/avatar\/b5920ff61d14f37c3c5cfad27bbbbe0a51a7935c98b2453a2ed402e47c41b93a?s=96&d=mm&r=g","url":"https:\/\/secure.gravatar.com\/avatar\/b5920ff61d14f37c3c5cfad27bbbbe0a51a7935c98b2453a2ed402e47c41b93a?s=96&d=mm&r=g","contentUrl":"https:\/\/secure.gravatar.com\/avatar\/b5920ff61d14f37c3c5cfad27bbbbe0a51a7935c98b2453a2ed402e47c41b93a?s=96&d=mm&r=g","caption":"Shirley Charles"},"sameAs":["http:\/\/capar77"],"url":"https:\/\/www.bve.ulaval.ca\/en\/author\/shcha20\/"}]}},"_links":{"self":[{"href":"https:\/\/www.bve.ulaval.ca\/en\/wp-json\/wp\/v2\/posts\/168586","targetHints":{"allow":["GET"]}}],"collection":[{"href":"https:\/\/www.bve.ulaval.ca\/en\/wp-json\/wp\/v2\/posts"}],"about":[{"href":"https:\/\/www.bve.ulaval.ca\/en\/wp-json\/wp\/v2\/types\/post"}],"author":[{"embeddable":true,"href":"https:\/\/www.bve.ulaval.ca\/en\/wp-json\/wp\/v2\/users\/39"}],"replies":[{"embeddable":true,"href":"https:\/\/www.bve.ulaval.ca\/en\/wp-json\/wp\/v2\/comments?post=168586"}],"version-history":[{"count":0,"href":"https:\/\/www.bve.ulaval.ca\/en\/wp-json\/wp\/v2\/posts\/168586\/revisions"}],"wp:attachment":[{"href":"https:\/\/www.bve.ulaval.ca\/en\/wp-json\/wp\/v2\/media?parent=168586"}],"wp:term":[{"taxonomy":"category","embeddable":true,"href":"https:\/\/www.bve.ulaval.ca\/en\/wp-json\/wp\/v2\/categories?post=168586"},{"taxonomy":"post_tag","embeddable":true,"href":"https:\/\/www.bve.ulaval.ca\/en\/wp-json\/wp\/v2\/tags?post=168586"}],"curies":[{"name":"wp","href":"https:\/\/api.w.org\/{rel}","templated":true}]}}