{"id":169816,"date":"2025-02-03T14:18:52","date_gmt":"2025-02-03T19:18:52","guid":{"rendered":"https:\/\/www.bve.ulaval.ca\/?p=169816"},"modified":"2025-02-03T14:18:52","modified_gmt":"2025-02-03T19:18:52","slug":"operation-saint-valentin-2-0","status":"publish","type":"post","link":"https:\/\/www.bve.ulaval.ca\/en\/nouvelles\/operation-saint-valentin-2-0\/","title":{"rendered":"Op\u00e9ration Saint-Valentin 2.0"},"content":{"rendered":"<p><a href=\"https:\/\/www.bve.ulaval.ca\/wp-content\/uploads\/2025\/02\/visuels-bulletins-st-valentin.jpg\"><img loading=\"lazy\" decoding=\"async\" class=\"wp-image-169817 size-medium alignright\" src=\"https:\/\/www.bve.ulaval.ca\/wp-content\/uploads\/2025\/02\/visuels-bulletins-st-valentin-250x200.jpg\" alt=\"\" width=\"250\" height=\"200\" srcset=\"https:\/\/www.bve.ulaval.ca\/wp-content\/uploads\/2025\/02\/visuels-bulletins-st-valentin-250x200.jpg 250w, https:\/\/www.bve.ulaval.ca\/wp-content\/uploads\/2025\/02\/visuels-bulletins-st-valentin-700x560.jpg 700w, https:\/\/www.bve.ulaval.ca\/wp-content\/uploads\/2025\/02\/visuels-bulletins-st-valentin-768x614.jpg 768w, https:\/\/www.bve.ulaval.ca\/wp-content\/uploads\/2025\/02\/visuels-bulletins-st-valentin-120x96.jpg 120w, https:\/\/www.bve.ulaval.ca\/wp-content\/uploads\/2025\/02\/visuels-bulletins-st-valentin.jpg 1293w\" sizes=\"auto, (max-width: 250px) 100vw, 250px\" \/><\/a>Le vendredi <strong>14 f\u00e9vrier<\/strong>, de 10h \u00e0 16h, Ing\u00e9nieurs sans fronti\u00e8res \u2013 section Universit\u00e9 Laval mettra l&#8217;amour \u00e0 l\u2019honneur gr\u00e2ce \u00e0 la deuxi\u00e8me \u00e9dition de leur \u00e9v\u00e9nement tant attendu! Rendez-vous \u00e0 l\u2019entr\u00e9e de la caf\u00e9t\u00e9ria du pavillon Alexandre-Vachon pour c\u00e9l\u00e9brer la Saint-Valentin de mani\u00e8re unique et solidaire.<\/p>\n<p>Au programme: roses de plusieurs couleurs pour exprimer vos sentiments (que ce soit l\u2019amour, l\u2019amiti\u00e9 ou m\u00eame l\u2019admiration), adorables ours en peluche pour r\u00e9chauffer les c\u0153urs ou encore cartes personnalisables, parce que chaque message d\u2019amour m\u00e9rite une touche sp\u00e9ciale. <a href=\"https:\/\/evelya.co\/universite-laval\/ingenieurs-sans-frontieres\/opearation-saint-valentin-2-0-avec-ingenieurs-sans-frontieres-universite-laval-7774\" target=\"_blank\" rel=\"noopener\">R\u00e9servez votre attention \u00e0 l&#8217;avance!<\/a><\/p>\n<p>Venez offrir un sourire ou une attention particuli\u00e8re \u00e0 vos proches, amies ou amies, partenaires tout en soutenant une belle initiative.<\/p>\n<p>Votre participation contribuera directement \u00e0 appuyer les projets solidaires de cette organisation qui \u0153uvre pour un avenir plus inclusif et durable. Venez nombreux pour partager un moment inoubliable et faire de cette Saint-Valentin un v\u00e9ritable succ\u00e8s.<\/p>\n<p><strong>Information<\/strong><br \/>\n<a href=\"https:\/\/evelya.co\/universite-laval\/ingenieurs-sans-frontieres\/opearation-saint-valentin-2-0-avec-ingenieurs-sans-frontieres-universite-laval-7774\" target=\"_blank\" rel=\"noopener\">R\u00e9servations<\/a><br \/>\n<a href=\"https:\/\/www.facebook.com\/events\/s\/operation-st-valentin-20\/602154712750271\/\" target=\"_blank\" rel=\"noopener\">\u00c9v\u00e9nement Facebook<\/a><br \/>\n<a href=\"mailto:SOFAU10@ulaval.ca\">SOFAU10@ulaval.ca<\/a><\/p>\n","protected":false},"excerpt":{"rendered":"<p>Le vendredi 14 f\u00e9vrier, de 10h \u00e0 16h, Ing\u00e9nieurs sans fronti\u00e8res \u2013 section Universit\u00e9 Laval mettra l&#8217;amour \u00e0 l\u2019honneur gr\u00e2ce \u00e0 la deuxi\u00e8me \u00e9dition de leur \u00e9v\u00e9nement tant attendu! Rendez-vous \u00e0 l\u2019entr\u00e9e de la caf\u00e9t\u00e9ria du pavillon Alexandre-Vachon pour c\u00e9l\u00e9brer la Saint-Valentin de mani\u00e8re unique et solidaire. Au programme: roses de plusieurs couleurs pour exprimer [&hellip;]<\/p>\n","protected":false},"author":39,"featured_media":0,"comment_status":"closed","ping_status":"closed","sticky":false,"template":"","format":"standard","meta":{"_acf_changed":false,"footnotes":""},"categories":[4,53],"tags":[],"class_list":["post-169816","post","type-post","status-publish","format-standard","hentry","category-nouvelles","category-nouvelles-associations-etudiantes"],"acf":[],"yoast_head":"<!-- This site is optimized with the Yoast SEO plugin v27.5 - https:\/\/yoast.com\/product\/yoast-seo-wordpress\/ -->\n<title>Op\u00e9ration Saint-Valentin 2.0 | Bureau de la vie \u00e9tudiante<\/title>\n<meta name=\"robots\" content=\"index, follow, max-snippet:-1, max-image-preview:large, max-video-preview:-1\" \/>\n<link rel=\"canonical\" href=\"https:\/\/www.bve.ulaval.ca\/en\/nouvelles\/operation-saint-valentin-2-0\/\" \/>\n<meta property=\"og:locale\" content=\"en_US\" \/>\n<meta property=\"og:type\" content=\"article\" \/>\n<meta property=\"og:title\" content=\"Op\u00e9ration Saint-Valentin 2.0 | Bureau de la vie \u00e9tudiante\" \/>\n<meta property=\"og:description\" content=\"Le vendredi 14 f\u00e9vrier, de 10h \u00e0 16h, Ing\u00e9nieurs sans fronti\u00e8res \u2013 section Universit\u00e9 Laval mettra l&#8217;amour \u00e0 l\u2019honneur gr\u00e2ce \u00e0 la deuxi\u00e8me \u00e9dition de leur \u00e9v\u00e9nement tant attendu! Rendez-vous \u00e0 l\u2019entr\u00e9e de la caf\u00e9t\u00e9ria du pavillon Alexandre-Vachon pour c\u00e9l\u00e9brer la Saint-Valentin de mani\u00e8re unique et solidaire. Au programme: roses de plusieurs couleurs pour exprimer [&hellip;]\" \/>\n<meta property=\"og:url\" content=\"https:\/\/www.bve.ulaval.ca\/en\/nouvelles\/operation-saint-valentin-2-0\/\" \/>\n<meta property=\"og:site_name\" content=\"Bureau de la vie \u00e9tudiante\" \/>\n<meta property=\"article:publisher\" content=\"https:\/\/www.facebook.com\/BVEvieetudiante\" \/>\n<meta property=\"article:published_time\" content=\"2025-02-03T19:18:52+00:00\" \/>\n<meta property=\"og:image\" content=\"https:\/\/www.bve.ulaval.ca\/wp-content\/uploads\/2025\/02\/visuels-bulletins-st-valentin.jpg\" \/>\n\t<meta property=\"og:image:width\" content=\"1293\" \/>\n\t<meta property=\"og:image:height\" content=\"1034\" \/>\n\t<meta property=\"og:image:type\" content=\"image\/jpeg\" \/>\n<meta name=\"author\" content=\"Shirley Charles\" \/>\n<meta name=\"twitter:label1\" content=\"Written by\" \/>\n\t<meta name=\"twitter:data1\" content=\"Shirley Charles\" \/>\n\t<meta name=\"twitter:label2\" content=\"Est. reading time\" \/>\n\t<meta name=\"twitter:data2\" content=\"1 minute\" \/>\n<script type=\"application\/ld+json\" class=\"yoast-schema-graph\">{\"@context\":\"https:\\\/\\\/schema.org\",\"@graph\":[{\"@type\":\"Article\",\"@id\":\"https:\\\/\\\/www.bve.ulaval.ca\\\/en\\\/nouvelles\\\/operation-saint-valentin-2-0\\\/#article\",\"isPartOf\":{\"@id\":\"https:\\\/\\\/www.bve.ulaval.ca\\\/en\\\/nouvelles\\\/operation-saint-valentin-2-0\\\/\"},\"author\":{\"name\":\"Shirley Charles\",\"@id\":\"https:\\\/\\\/www.bve.ulaval.ca\\\/en\\\/#\\\/schema\\\/person\\\/d02f3d365a7c9bbb76f3fd476b1ce020\"},\"headline\":\"Op\u00e9ration Saint-Valentin 2.0\",\"datePublished\":\"2025-02-03T19:18:52+00:00\",\"mainEntityOfPage\":{\"@id\":\"https:\\\/\\\/www.bve.ulaval.ca\\\/en\\\/nouvelles\\\/operation-saint-valentin-2-0\\\/\"},\"wordCount\":180,\"image\":{\"@id\":\"https:\\\/\\\/www.bve.ulaval.ca\\\/en\\\/nouvelles\\\/operation-saint-valentin-2-0\\\/#primaryimage\"},\"thumbnailUrl\":\"https:\\\/\\\/www.bve.ulaval.ca\\\/wp-content\\\/uploads\\\/2025\\\/02\\\/visuels-bulletins-st-valentin-250x200.jpg\",\"articleSection\":[\"Nouvelles\",\"Nouvelles - Associations \u00e9tudiantes\"],\"inLanguage\":\"en-US\"},{\"@type\":\"WebPage\",\"@id\":\"https:\\\/\\\/www.bve.ulaval.ca\\\/en\\\/nouvelles\\\/operation-saint-valentin-2-0\\\/\",\"url\":\"https:\\\/\\\/www.bve.ulaval.ca\\\/en\\\/nouvelles\\\/operation-saint-valentin-2-0\\\/\",\"name\":\"Op\u00e9ration Saint-Valentin 2.0 | Bureau de la vie \u00e9tudiante\",\"isPartOf\":{\"@id\":\"https:\\\/\\\/www.bve.ulaval.ca\\\/en\\\/#website\"},\"primaryImageOfPage\":{\"@id\":\"https:\\\/\\\/www.bve.ulaval.ca\\\/en\\\/nouvelles\\\/operation-saint-valentin-2-0\\\/#primaryimage\"},\"image\":{\"@id\":\"https:\\\/\\\/www.bve.ulaval.ca\\\/en\\\/nouvelles\\\/operation-saint-valentin-2-0\\\/#primaryimage\"},\"thumbnailUrl\":\"https:\\\/\\\/www.bve.ulaval.ca\\\/wp-content\\\/uploads\\\/2025\\\/02\\\/visuels-bulletins-st-valentin-250x200.jpg\",\"datePublished\":\"2025-02-03T19:18:52+00:00\",\"author\":{\"@id\":\"https:\\\/\\\/www.bve.ulaval.ca\\\/en\\\/#\\\/schema\\\/person\\\/d02f3d365a7c9bbb76f3fd476b1ce020\"},\"breadcrumb\":{\"@id\":\"https:\\\/\\\/www.bve.ulaval.ca\\\/en\\\/nouvelles\\\/operation-saint-valentin-2-0\\\/#breadcrumb\"},\"inLanguage\":\"en-US\",\"potentialAction\":[{\"@type\":\"ReadAction\",\"target\":[\"https:\\\/\\\/www.bve.ulaval.ca\\\/en\\\/nouvelles\\\/operation-saint-valentin-2-0\\\/\"]}]},{\"@type\":\"ImageObject\",\"inLanguage\":\"en-US\",\"@id\":\"https:\\\/\\\/www.bve.ulaval.ca\\\/en\\\/nouvelles\\\/operation-saint-valentin-2-0\\\/#primaryimage\",\"url\":\"https:\\\/\\\/www.bve.ulaval.ca\\\/wp-content\\\/uploads\\\/2025\\\/02\\\/visuels-bulletins-st-valentin-250x200.jpg\",\"contentUrl\":\"https:\\\/\\\/www.bve.ulaval.ca\\\/wp-content\\\/uploads\\\/2025\\\/02\\\/visuels-bulletins-st-valentin-250x200.jpg\"},{\"@type\":\"BreadcrumbList\",\"@id\":\"https:\\\/\\\/www.bve.ulaval.ca\\\/en\\\/nouvelles\\\/operation-saint-valentin-2-0\\\/#breadcrumb\",\"itemListElement\":[{\"@type\":\"ListItem\",\"position\":1,\"name\":\"Accueil\",\"item\":\"https:\\\/\\\/www.bve.ulaval.ca\\\/en\\\/\"},{\"@type\":\"ListItem\",\"position\":2,\"name\":\"Op\u00e9ration Saint-Valentin 2.0\"}]},{\"@type\":\"WebSite\",\"@id\":\"https:\\\/\\\/www.bve.ulaval.ca\\\/en\\\/#website\",\"url\":\"https:\\\/\\\/www.bve.ulaval.ca\\\/en\\\/\",\"name\":\"Bureau de la vie \u00e9tudiante\",\"description\":\"Universit\u00e9 Laval\",\"potentialAction\":[{\"@type\":\"SearchAction\",\"target\":{\"@type\":\"EntryPoint\",\"urlTemplate\":\"https:\\\/\\\/www.bve.ulaval.ca\\\/en\\\/?s={search_term_string}\"},\"query-input\":{\"@type\":\"PropertyValueSpecification\",\"valueRequired\":true,\"valueName\":\"search_term_string\"}}],\"inLanguage\":\"en-US\"},{\"@type\":\"Person\",\"@id\":\"https:\\\/\\\/www.bve.ulaval.ca\\\/en\\\/#\\\/schema\\\/person\\\/d02f3d365a7c9bbb76f3fd476b1ce020\",\"name\":\"Shirley Charles\",\"image\":{\"@type\":\"ImageObject\",\"inLanguage\":\"en-US\",\"@id\":\"https:\\\/\\\/secure.gravatar.com\\\/avatar\\\/b5920ff61d14f37c3c5cfad27bbbbe0a51a7935c98b2453a2ed402e47c41b93a?s=96&d=mm&r=g\",\"url\":\"https:\\\/\\\/secure.gravatar.com\\\/avatar\\\/b5920ff61d14f37c3c5cfad27bbbbe0a51a7935c98b2453a2ed402e47c41b93a?s=96&d=mm&r=g\",\"contentUrl\":\"https:\\\/\\\/secure.gravatar.com\\\/avatar\\\/b5920ff61d14f37c3c5cfad27bbbbe0a51a7935c98b2453a2ed402e47c41b93a?s=96&d=mm&r=g\",\"caption\":\"Shirley Charles\"},\"sameAs\":[\"http:\\\/\\\/capar77\"],\"url\":\"https:\\\/\\\/www.bve.ulaval.ca\\\/en\\\/author\\\/shcha20\\\/\"}]}<\/script>\n<!-- \/ Yoast SEO plugin. -->","yoast_head_json":{"title":"Op\u00e9ration Saint-Valentin 2.0 | Bureau de la vie \u00e9tudiante","robots":{"index":"index","follow":"follow","max-snippet":"max-snippet:-1","max-image-preview":"max-image-preview:large","max-video-preview":"max-video-preview:-1"},"canonical":"https:\/\/www.bve.ulaval.ca\/en\/nouvelles\/operation-saint-valentin-2-0\/","og_locale":"en_US","og_type":"article","og_title":"Op\u00e9ration Saint-Valentin 2.0 | Bureau de la vie \u00e9tudiante","og_description":"Le vendredi 14 f\u00e9vrier, de 10h \u00e0 16h, Ing\u00e9nieurs sans fronti\u00e8res \u2013 section Universit\u00e9 Laval mettra l&#8217;amour \u00e0 l\u2019honneur gr\u00e2ce \u00e0 la deuxi\u00e8me \u00e9dition de leur \u00e9v\u00e9nement tant attendu! Rendez-vous \u00e0 l\u2019entr\u00e9e de la caf\u00e9t\u00e9ria du pavillon Alexandre-Vachon pour c\u00e9l\u00e9brer la Saint-Valentin de mani\u00e8re unique et solidaire. Au programme: roses de plusieurs couleurs pour exprimer [&hellip;]","og_url":"https:\/\/www.bve.ulaval.ca\/en\/nouvelles\/operation-saint-valentin-2-0\/","og_site_name":"Bureau de la vie \u00e9tudiante","article_publisher":"https:\/\/www.facebook.com\/BVEvieetudiante","article_published_time":"2025-02-03T19:18:52+00:00","og_image":[{"width":1293,"height":1034,"url":"https:\/\/www.bve.ulaval.ca\/wp-content\/uploads\/2025\/02\/visuels-bulletins-st-valentin.jpg","type":"image\/jpeg"}],"author":"Shirley Charles","twitter_misc":{"Written by":"Shirley Charles","Est. reading time":"1 minute"},"schema":{"@context":"https:\/\/schema.org","@graph":[{"@type":"Article","@id":"https:\/\/www.bve.ulaval.ca\/en\/nouvelles\/operation-saint-valentin-2-0\/#article","isPartOf":{"@id":"https:\/\/www.bve.ulaval.ca\/en\/nouvelles\/operation-saint-valentin-2-0\/"},"author":{"name":"Shirley Charles","@id":"https:\/\/www.bve.ulaval.ca\/en\/#\/schema\/person\/d02f3d365a7c9bbb76f3fd476b1ce020"},"headline":"Op\u00e9ration Saint-Valentin 2.0","datePublished":"2025-02-03T19:18:52+00:00","mainEntityOfPage":{"@id":"https:\/\/www.bve.ulaval.ca\/en\/nouvelles\/operation-saint-valentin-2-0\/"},"wordCount":180,"image":{"@id":"https:\/\/www.bve.ulaval.ca\/en\/nouvelles\/operation-saint-valentin-2-0\/#primaryimage"},"thumbnailUrl":"https:\/\/www.bve.ulaval.ca\/wp-content\/uploads\/2025\/02\/visuels-bulletins-st-valentin-250x200.jpg","articleSection":["Nouvelles","Nouvelles - Associations \u00e9tudiantes"],"inLanguage":"en-US"},{"@type":"WebPage","@id":"https:\/\/www.bve.ulaval.ca\/en\/nouvelles\/operation-saint-valentin-2-0\/","url":"https:\/\/www.bve.ulaval.ca\/en\/nouvelles\/operation-saint-valentin-2-0\/","name":"Op\u00e9ration Saint-Valentin 2.0 | Bureau de la vie \u00e9tudiante","isPartOf":{"@id":"https:\/\/www.bve.ulaval.ca\/en\/#website"},"primaryImageOfPage":{"@id":"https:\/\/www.bve.ulaval.ca\/en\/nouvelles\/operation-saint-valentin-2-0\/#primaryimage"},"image":{"@id":"https:\/\/www.bve.ulaval.ca\/en\/nouvelles\/operation-saint-valentin-2-0\/#primaryimage"},"thumbnailUrl":"https:\/\/www.bve.ulaval.ca\/wp-content\/uploads\/2025\/02\/visuels-bulletins-st-valentin-250x200.jpg","datePublished":"2025-02-03T19:18:52+00:00","author":{"@id":"https:\/\/www.bve.ulaval.ca\/en\/#\/schema\/person\/d02f3d365a7c9bbb76f3fd476b1ce020"},"breadcrumb":{"@id":"https:\/\/www.bve.ulaval.ca\/en\/nouvelles\/operation-saint-valentin-2-0\/#breadcrumb"},"inLanguage":"en-US","potentialAction":[{"@type":"ReadAction","target":["https:\/\/www.bve.ulaval.ca\/en\/nouvelles\/operation-saint-valentin-2-0\/"]}]},{"@type":"ImageObject","inLanguage":"en-US","@id":"https:\/\/www.bve.ulaval.ca\/en\/nouvelles\/operation-saint-valentin-2-0\/#primaryimage","url":"https:\/\/www.bve.ulaval.ca\/wp-content\/uploads\/2025\/02\/visuels-bulletins-st-valentin-250x200.jpg","contentUrl":"https:\/\/www.bve.ulaval.ca\/wp-content\/uploads\/2025\/02\/visuels-bulletins-st-valentin-250x200.jpg"},{"@type":"BreadcrumbList","@id":"https:\/\/www.bve.ulaval.ca\/en\/nouvelles\/operation-saint-valentin-2-0\/#breadcrumb","itemListElement":[{"@type":"ListItem","position":1,"name":"Accueil","item":"https:\/\/www.bve.ulaval.ca\/en\/"},{"@type":"ListItem","position":2,"name":"Op\u00e9ration Saint-Valentin 2.0"}]},{"@type":"WebSite","@id":"https:\/\/www.bve.ulaval.ca\/en\/#website","url":"https:\/\/www.bve.ulaval.ca\/en\/","name":"Bureau de la vie \u00e9tudiante","description":"Universit\u00e9 Laval","potentialAction":[{"@type":"SearchAction","target":{"@type":"EntryPoint","urlTemplate":"https:\/\/www.bve.ulaval.ca\/en\/?s={search_term_string}"},"query-input":{"@type":"PropertyValueSpecification","valueRequired":true,"valueName":"search_term_string"}}],"inLanguage":"en-US"},{"@type":"Person","@id":"https:\/\/www.bve.ulaval.ca\/en\/#\/schema\/person\/d02f3d365a7c9bbb76f3fd476b1ce020","name":"Shirley Charles","image":{"@type":"ImageObject","inLanguage":"en-US","@id":"https:\/\/secure.gravatar.com\/avatar\/b5920ff61d14f37c3c5cfad27bbbbe0a51a7935c98b2453a2ed402e47c41b93a?s=96&d=mm&r=g","url":"https:\/\/secure.gravatar.com\/avatar\/b5920ff61d14f37c3c5cfad27bbbbe0a51a7935c98b2453a2ed402e47c41b93a?s=96&d=mm&r=g","contentUrl":"https:\/\/secure.gravatar.com\/avatar\/b5920ff61d14f37c3c5cfad27bbbbe0a51a7935c98b2453a2ed402e47c41b93a?s=96&d=mm&r=g","caption":"Shirley Charles"},"sameAs":["http:\/\/capar77"],"url":"https:\/\/www.bve.ulaval.ca\/en\/author\/shcha20\/"}]}},"_links":{"self":[{"href":"https:\/\/www.bve.ulaval.ca\/en\/wp-json\/wp\/v2\/posts\/169816","targetHints":{"allow":["GET"]}}],"collection":[{"href":"https:\/\/www.bve.ulaval.ca\/en\/wp-json\/wp\/v2\/posts"}],"about":[{"href":"https:\/\/www.bve.ulaval.ca\/en\/wp-json\/wp\/v2\/types\/post"}],"author":[{"embeddable":true,"href":"https:\/\/www.bve.ulaval.ca\/en\/wp-json\/wp\/v2\/users\/39"}],"replies":[{"embeddable":true,"href":"https:\/\/www.bve.ulaval.ca\/en\/wp-json\/wp\/v2\/comments?post=169816"}],"version-history":[{"count":0,"href":"https:\/\/www.bve.ulaval.ca\/en\/wp-json\/wp\/v2\/posts\/169816\/revisions"}],"wp:attachment":[{"href":"https:\/\/www.bve.ulaval.ca\/en\/wp-json\/wp\/v2\/media?parent=169816"}],"wp:term":[{"taxonomy":"category","embeddable":true,"href":"https:\/\/www.bve.ulaval.ca\/en\/wp-json\/wp\/v2\/categories?post=169816"},{"taxonomy":"post_tag","embeddable":true,"href":"https:\/\/www.bve.ulaval.ca\/en\/wp-json\/wp\/v2\/tags?post=169816"}],"curies":[{"name":"wp","href":"https:\/\/api.w.org\/{rel}","templated":true}]}}