{"id":169997,"date":"2026-03-09T09:48:16","date_gmt":"2026-03-09T13:48:16","guid":{"rendered":"https:\/\/www.bve.ulaval.ca\/?p=169997"},"modified":"2026-03-09T14:53:03","modified_gmt":"2026-03-09T18:53:03","slug":"salon-de-la-foret-2026","status":"publish","type":"post","link":"https:\/\/www.bve.ulaval.ca\/en\/nouvelles\/salon-de-la-foret-2026\/","title":{"rendered":"Salon de la for\u00eat 2026 \u00abDans une for\u00eat pr\u00e8s de chez vous\u00bb"},"content":{"rendered":"<p><a href=\"https:\/\/www.bve.ulaval.ca\/wp-content\/uploads\/2025\/03\/logo_2026.jpg\"><img loading=\"lazy\" decoding=\"async\" width=\"250\" height=\"206\" class=\"size-medium wp-image-172370 alignright\" src=\"https:\/\/www.bve.ulaval.ca\/wp-content\/uploads\/2025\/03\/logo_2026-250x206.jpg\" alt=\"Dans une for\u00eat pr\u00e8s de chez vous\" srcset=\"https:\/\/www.bve.ulaval.ca\/wp-content\/uploads\/2025\/03\/logo_2026-250x206.jpg 250w, https:\/\/www.bve.ulaval.ca\/wp-content\/uploads\/2025\/03\/logo_2026-700x577.jpg 700w, https:\/\/www.bve.ulaval.ca\/wp-content\/uploads\/2025\/03\/logo_2026-768x633.jpg 768w, https:\/\/www.bve.ulaval.ca\/wp-content\/uploads\/2025\/03\/logo_2026-120x99.jpg 120w, https:\/\/www.bve.ulaval.ca\/wp-content\/uploads\/2025\/03\/logo_2026.jpg 1004w\" sizes=\"auto, (max-width: 250px) 100vw, 250px\" \/><\/a>Le Salon de la for\u00eat 2026 se d\u00e9roulera les <strong>21 et 22 mars,<\/strong> de 9h \u00e0 16h, au pavillon Alphonse-Desjardins.<\/p>\n<p>Ateliers de vannerie et de sculpture de bois, espace jeunesse, et nombreux exposants seront sur place. Plusieurs conf\u00e9renciers prendront \u00e9galement la parole afin de partager leur passion. Pour tout savoir, visitez notre site web et nos r\u00e9seaux sociaux.<\/p>\n<p>Un \u00e9v\u00e9nement gratuit \u00e0 ne pas manquer!<\/p>\n<p><strong>Information<\/strong><br \/>\n<a href=\"https:\/\/ssf.asso.ulaval.ca\/salon-de-la-foret\/\" target=\"_blank\" rel=\"noopener\">Site Web<\/a><br \/>\n<a href=\"https:\/\/www.facebook.com\/share\/1CTm1oiC2d\/\" target=\"_blank\" rel=\"noopener\">\u00c9v\u00e9nement Facebook<\/a><br \/>\n<a href=\"http:\/\/ssf.asso.ulaval.ca\">ssf@ffgg.ulaval.ca<\/a><\/p>\n","protected":false},"excerpt":{"rendered":"<p>Le Salon de la for\u00eat 2026 se d\u00e9roulera les 21 et 22 mars, de 9h \u00e0 16h, au pavillon Alphonse-Desjardins. Ateliers de vannerie et de sculpture de bois, espace jeunesse, et nombreux exposants seront sur place. Plusieurs conf\u00e9renciers prendront \u00e9galement la parole afin de partager leur passion. Pour tout savoir, visitez notre site web et [&hellip;]<\/p>\n","protected":false},"author":39,"featured_media":0,"comment_status":"closed","ping_status":"closed","sticky":false,"template":"","format":"standard","meta":{"_acf_changed":false,"footnotes":""},"categories":[4,53],"tags":[],"class_list":["post-169997","post","type-post","status-publish","format-standard","hentry","category-nouvelles","category-nouvelles-associations-etudiantes"],"acf":[],"yoast_head":"<!-- This site is optimized with the Yoast SEO plugin v27.5 - https:\/\/yoast.com\/product\/yoast-seo-wordpress\/ -->\n<title>Salon de la for\u00eat 2026 \u00abDans une for\u00eat pr\u00e8s de chez vous\u00bb | Bureau de la vie \u00e9tudiante<\/title>\n<meta name=\"robots\" content=\"index, follow, max-snippet:-1, max-image-preview:large, max-video-preview:-1\" \/>\n<link rel=\"canonical\" href=\"https:\/\/www.bve.ulaval.ca\/en\/nouvelles\/salon-de-la-foret-2026\/\" \/>\n<meta property=\"og:locale\" content=\"en_US\" \/>\n<meta property=\"og:type\" content=\"article\" \/>\n<meta property=\"og:title\" content=\"Salon de la for\u00eat 2026 \u00abDans une for\u00eat pr\u00e8s de chez vous\u00bb | Bureau de la vie \u00e9tudiante\" \/>\n<meta property=\"og:description\" content=\"Le Salon de la for\u00eat 2026 se d\u00e9roulera les 21 et 22 mars, de 9h \u00e0 16h, au pavillon Alphonse-Desjardins. Ateliers de vannerie et de sculpture de bois, espace jeunesse, et nombreux exposants seront sur place. Plusieurs conf\u00e9renciers prendront \u00e9galement la parole afin de partager leur passion. Pour tout savoir, visitez notre site web et [&hellip;]\" \/>\n<meta property=\"og:url\" content=\"https:\/\/www.bve.ulaval.ca\/en\/nouvelles\/salon-de-la-foret-2026\/\" \/>\n<meta property=\"og:site_name\" content=\"Bureau de la vie \u00e9tudiante\" \/>\n<meta property=\"article:publisher\" content=\"https:\/\/www.facebook.com\/BVEvieetudiante\" \/>\n<meta property=\"article:published_time\" content=\"2026-03-09T13:48:16+00:00\" \/>\n<meta property=\"article:modified_time\" content=\"2026-03-09T18:53:03+00:00\" \/>\n<meta property=\"og:image\" content=\"https:\/\/www.bve.ulaval.ca\/wp-content\/uploads\/2025\/03\/logo_2026.jpg\" \/>\n\t<meta property=\"og:image:width\" content=\"1004\" \/>\n\t<meta property=\"og:image:height\" content=\"827\" \/>\n\t<meta property=\"og:image:type\" content=\"image\/jpeg\" \/>\n<meta name=\"author\" content=\"Shirley Charles\" \/>\n<meta name=\"twitter:label1\" content=\"Written by\" \/>\n\t<meta name=\"twitter:data1\" content=\"Shirley Charles\" \/>\n\t<meta name=\"twitter:label2\" content=\"Est. reading time\" \/>\n\t<meta name=\"twitter:data2\" content=\"1 minute\" \/>\n<script type=\"application\/ld+json\" class=\"yoast-schema-graph\">{\"@context\":\"https:\\\/\\\/schema.org\",\"@graph\":[{\"@type\":\"Article\",\"@id\":\"https:\\\/\\\/www.bve.ulaval.ca\\\/en\\\/nouvelles\\\/salon-de-la-foret-2026\\\/#article\",\"isPartOf\":{\"@id\":\"https:\\\/\\\/www.bve.ulaval.ca\\\/en\\\/nouvelles\\\/salon-de-la-foret-2026\\\/\"},\"author\":{\"name\":\"Shirley Charles\",\"@id\":\"https:\\\/\\\/www.bve.ulaval.ca\\\/en\\\/#\\\/schema\\\/person\\\/d02f3d365a7c9bbb76f3fd476b1ce020\"},\"headline\":\"Salon de la for\u00eat 2026 \u00abDans une for\u00eat pr\u00e8s de chez vous\u00bb\",\"datePublished\":\"2026-03-09T13:48:16+00:00\",\"dateModified\":\"2026-03-09T18:53:03+00:00\",\"mainEntityOfPage\":{\"@id\":\"https:\\\/\\\/www.bve.ulaval.ca\\\/en\\\/nouvelles\\\/salon-de-la-foret-2026\\\/\"},\"wordCount\":89,\"image\":{\"@id\":\"https:\\\/\\\/www.bve.ulaval.ca\\\/en\\\/nouvelles\\\/salon-de-la-foret-2026\\\/#primaryimage\"},\"thumbnailUrl\":\"https:\\\/\\\/www.bve.ulaval.ca\\\/wp-content\\\/uploads\\\/2025\\\/03\\\/logo_2026-250x206.jpg\",\"articleSection\":[\"Nouvelles\",\"Nouvelles - Associations \u00e9tudiantes\"],\"inLanguage\":\"en-US\"},{\"@type\":\"WebPage\",\"@id\":\"https:\\\/\\\/www.bve.ulaval.ca\\\/en\\\/nouvelles\\\/salon-de-la-foret-2026\\\/\",\"url\":\"https:\\\/\\\/www.bve.ulaval.ca\\\/en\\\/nouvelles\\\/salon-de-la-foret-2026\\\/\",\"name\":\"Salon de la for\u00eat 2026 \u00abDans une for\u00eat pr\u00e8s de chez vous\u00bb | Bureau de la vie \u00e9tudiante\",\"isPartOf\":{\"@id\":\"https:\\\/\\\/www.bve.ulaval.ca\\\/en\\\/#website\"},\"primaryImageOfPage\":{\"@id\":\"https:\\\/\\\/www.bve.ulaval.ca\\\/en\\\/nouvelles\\\/salon-de-la-foret-2026\\\/#primaryimage\"},\"image\":{\"@id\":\"https:\\\/\\\/www.bve.ulaval.ca\\\/en\\\/nouvelles\\\/salon-de-la-foret-2026\\\/#primaryimage\"},\"thumbnailUrl\":\"https:\\\/\\\/www.bve.ulaval.ca\\\/wp-content\\\/uploads\\\/2025\\\/03\\\/logo_2026-250x206.jpg\",\"datePublished\":\"2026-03-09T13:48:16+00:00\",\"dateModified\":\"2026-03-09T18:53:03+00:00\",\"author\":{\"@id\":\"https:\\\/\\\/www.bve.ulaval.ca\\\/en\\\/#\\\/schema\\\/person\\\/d02f3d365a7c9bbb76f3fd476b1ce020\"},\"breadcrumb\":{\"@id\":\"https:\\\/\\\/www.bve.ulaval.ca\\\/en\\\/nouvelles\\\/salon-de-la-foret-2026\\\/#breadcrumb\"},\"inLanguage\":\"en-US\",\"potentialAction\":[{\"@type\":\"ReadAction\",\"target\":[\"https:\\\/\\\/www.bve.ulaval.ca\\\/en\\\/nouvelles\\\/salon-de-la-foret-2026\\\/\"]}]},{\"@type\":\"ImageObject\",\"inLanguage\":\"en-US\",\"@id\":\"https:\\\/\\\/www.bve.ulaval.ca\\\/en\\\/nouvelles\\\/salon-de-la-foret-2026\\\/#primaryimage\",\"url\":\"https:\\\/\\\/www.bve.ulaval.ca\\\/wp-content\\\/uploads\\\/2025\\\/03\\\/logo_2026-250x206.jpg\",\"contentUrl\":\"https:\\\/\\\/www.bve.ulaval.ca\\\/wp-content\\\/uploads\\\/2025\\\/03\\\/logo_2026-250x206.jpg\"},{\"@type\":\"BreadcrumbList\",\"@id\":\"https:\\\/\\\/www.bve.ulaval.ca\\\/en\\\/nouvelles\\\/salon-de-la-foret-2026\\\/#breadcrumb\",\"itemListElement\":[{\"@type\":\"ListItem\",\"position\":1,\"name\":\"Accueil\",\"item\":\"https:\\\/\\\/www.bve.ulaval.ca\\\/en\\\/\"},{\"@type\":\"ListItem\",\"position\":2,\"name\":\"Salon de la for\u00eat 2026 \u00abDans une for\u00eat pr\u00e8s de chez vous\u00bb\"}]},{\"@type\":\"WebSite\",\"@id\":\"https:\\\/\\\/www.bve.ulaval.ca\\\/en\\\/#website\",\"url\":\"https:\\\/\\\/www.bve.ulaval.ca\\\/en\\\/\",\"name\":\"Bureau de la vie \u00e9tudiante\",\"description\":\"Universit\u00e9 Laval\",\"potentialAction\":[{\"@type\":\"SearchAction\",\"target\":{\"@type\":\"EntryPoint\",\"urlTemplate\":\"https:\\\/\\\/www.bve.ulaval.ca\\\/en\\\/?s={search_term_string}\"},\"query-input\":{\"@type\":\"PropertyValueSpecification\",\"valueRequired\":true,\"valueName\":\"search_term_string\"}}],\"inLanguage\":\"en-US\"},{\"@type\":\"Person\",\"@id\":\"https:\\\/\\\/www.bve.ulaval.ca\\\/en\\\/#\\\/schema\\\/person\\\/d02f3d365a7c9bbb76f3fd476b1ce020\",\"name\":\"Shirley Charles\",\"image\":{\"@type\":\"ImageObject\",\"inLanguage\":\"en-US\",\"@id\":\"https:\\\/\\\/secure.gravatar.com\\\/avatar\\\/b5920ff61d14f37c3c5cfad27bbbbe0a51a7935c98b2453a2ed402e47c41b93a?s=96&d=mm&r=g\",\"url\":\"https:\\\/\\\/secure.gravatar.com\\\/avatar\\\/b5920ff61d14f37c3c5cfad27bbbbe0a51a7935c98b2453a2ed402e47c41b93a?s=96&d=mm&r=g\",\"contentUrl\":\"https:\\\/\\\/secure.gravatar.com\\\/avatar\\\/b5920ff61d14f37c3c5cfad27bbbbe0a51a7935c98b2453a2ed402e47c41b93a?s=96&d=mm&r=g\",\"caption\":\"Shirley Charles\"},\"sameAs\":[\"http:\\\/\\\/capar77\"],\"url\":\"https:\\\/\\\/www.bve.ulaval.ca\\\/en\\\/author\\\/shcha20\\\/\"}]}<\/script>\n<!-- \/ Yoast SEO plugin. -->","yoast_head_json":{"title":"Salon de la for\u00eat 2026 \u00abDans une for\u00eat pr\u00e8s de chez vous\u00bb | Bureau de la vie \u00e9tudiante","robots":{"index":"index","follow":"follow","max-snippet":"max-snippet:-1","max-image-preview":"max-image-preview:large","max-video-preview":"max-video-preview:-1"},"canonical":"https:\/\/www.bve.ulaval.ca\/en\/nouvelles\/salon-de-la-foret-2026\/","og_locale":"en_US","og_type":"article","og_title":"Salon de la for\u00eat 2026 \u00abDans une for\u00eat pr\u00e8s de chez vous\u00bb | Bureau de la vie \u00e9tudiante","og_description":"Le Salon de la for\u00eat 2026 se d\u00e9roulera les 21 et 22 mars, de 9h \u00e0 16h, au pavillon Alphonse-Desjardins. Ateliers de vannerie et de sculpture de bois, espace jeunesse, et nombreux exposants seront sur place. Plusieurs conf\u00e9renciers prendront \u00e9galement la parole afin de partager leur passion. Pour tout savoir, visitez notre site web et [&hellip;]","og_url":"https:\/\/www.bve.ulaval.ca\/en\/nouvelles\/salon-de-la-foret-2026\/","og_site_name":"Bureau de la vie \u00e9tudiante","article_publisher":"https:\/\/www.facebook.com\/BVEvieetudiante","article_published_time":"2026-03-09T13:48:16+00:00","article_modified_time":"2026-03-09T18:53:03+00:00","og_image":[{"width":1004,"height":827,"url":"https:\/\/www.bve.ulaval.ca\/wp-content\/uploads\/2025\/03\/logo_2026.jpg","type":"image\/jpeg"}],"author":"Shirley Charles","twitter_misc":{"Written by":"Shirley Charles","Est. reading time":"1 minute"},"schema":{"@context":"https:\/\/schema.org","@graph":[{"@type":"Article","@id":"https:\/\/www.bve.ulaval.ca\/en\/nouvelles\/salon-de-la-foret-2026\/#article","isPartOf":{"@id":"https:\/\/www.bve.ulaval.ca\/en\/nouvelles\/salon-de-la-foret-2026\/"},"author":{"name":"Shirley Charles","@id":"https:\/\/www.bve.ulaval.ca\/en\/#\/schema\/person\/d02f3d365a7c9bbb76f3fd476b1ce020"},"headline":"Salon de la for\u00eat 2026 \u00abDans une for\u00eat pr\u00e8s de chez vous\u00bb","datePublished":"2026-03-09T13:48:16+00:00","dateModified":"2026-03-09T18:53:03+00:00","mainEntityOfPage":{"@id":"https:\/\/www.bve.ulaval.ca\/en\/nouvelles\/salon-de-la-foret-2026\/"},"wordCount":89,"image":{"@id":"https:\/\/www.bve.ulaval.ca\/en\/nouvelles\/salon-de-la-foret-2026\/#primaryimage"},"thumbnailUrl":"https:\/\/www.bve.ulaval.ca\/wp-content\/uploads\/2025\/03\/logo_2026-250x206.jpg","articleSection":["Nouvelles","Nouvelles - Associations \u00e9tudiantes"],"inLanguage":"en-US"},{"@type":"WebPage","@id":"https:\/\/www.bve.ulaval.ca\/en\/nouvelles\/salon-de-la-foret-2026\/","url":"https:\/\/www.bve.ulaval.ca\/en\/nouvelles\/salon-de-la-foret-2026\/","name":"Salon de la for\u00eat 2026 \u00abDans une for\u00eat pr\u00e8s de chez vous\u00bb | Bureau de la vie \u00e9tudiante","isPartOf":{"@id":"https:\/\/www.bve.ulaval.ca\/en\/#website"},"primaryImageOfPage":{"@id":"https:\/\/www.bve.ulaval.ca\/en\/nouvelles\/salon-de-la-foret-2026\/#primaryimage"},"image":{"@id":"https:\/\/www.bve.ulaval.ca\/en\/nouvelles\/salon-de-la-foret-2026\/#primaryimage"},"thumbnailUrl":"https:\/\/www.bve.ulaval.ca\/wp-content\/uploads\/2025\/03\/logo_2026-250x206.jpg","datePublished":"2026-03-09T13:48:16+00:00","dateModified":"2026-03-09T18:53:03+00:00","author":{"@id":"https:\/\/www.bve.ulaval.ca\/en\/#\/schema\/person\/d02f3d365a7c9bbb76f3fd476b1ce020"},"breadcrumb":{"@id":"https:\/\/www.bve.ulaval.ca\/en\/nouvelles\/salon-de-la-foret-2026\/#breadcrumb"},"inLanguage":"en-US","potentialAction":[{"@type":"ReadAction","target":["https:\/\/www.bve.ulaval.ca\/en\/nouvelles\/salon-de-la-foret-2026\/"]}]},{"@type":"ImageObject","inLanguage":"en-US","@id":"https:\/\/www.bve.ulaval.ca\/en\/nouvelles\/salon-de-la-foret-2026\/#primaryimage","url":"https:\/\/www.bve.ulaval.ca\/wp-content\/uploads\/2025\/03\/logo_2026-250x206.jpg","contentUrl":"https:\/\/www.bve.ulaval.ca\/wp-content\/uploads\/2025\/03\/logo_2026-250x206.jpg"},{"@type":"BreadcrumbList","@id":"https:\/\/www.bve.ulaval.ca\/en\/nouvelles\/salon-de-la-foret-2026\/#breadcrumb","itemListElement":[{"@type":"ListItem","position":1,"name":"Accueil","item":"https:\/\/www.bve.ulaval.ca\/en\/"},{"@type":"ListItem","position":2,"name":"Salon de la for\u00eat 2026 \u00abDans une for\u00eat pr\u00e8s de chez vous\u00bb"}]},{"@type":"WebSite","@id":"https:\/\/www.bve.ulaval.ca\/en\/#website","url":"https:\/\/www.bve.ulaval.ca\/en\/","name":"Bureau de la vie \u00e9tudiante","description":"Universit\u00e9 Laval","potentialAction":[{"@type":"SearchAction","target":{"@type":"EntryPoint","urlTemplate":"https:\/\/www.bve.ulaval.ca\/en\/?s={search_term_string}"},"query-input":{"@type":"PropertyValueSpecification","valueRequired":true,"valueName":"search_term_string"}}],"inLanguage":"en-US"},{"@type":"Person","@id":"https:\/\/www.bve.ulaval.ca\/en\/#\/schema\/person\/d02f3d365a7c9bbb76f3fd476b1ce020","name":"Shirley Charles","image":{"@type":"ImageObject","inLanguage":"en-US","@id":"https:\/\/secure.gravatar.com\/avatar\/b5920ff61d14f37c3c5cfad27bbbbe0a51a7935c98b2453a2ed402e47c41b93a?s=96&d=mm&r=g","url":"https:\/\/secure.gravatar.com\/avatar\/b5920ff61d14f37c3c5cfad27bbbbe0a51a7935c98b2453a2ed402e47c41b93a?s=96&d=mm&r=g","contentUrl":"https:\/\/secure.gravatar.com\/avatar\/b5920ff61d14f37c3c5cfad27bbbbe0a51a7935c98b2453a2ed402e47c41b93a?s=96&d=mm&r=g","caption":"Shirley Charles"},"sameAs":["http:\/\/capar77"],"url":"https:\/\/www.bve.ulaval.ca\/en\/author\/shcha20\/"}]}},"_links":{"self":[{"href":"https:\/\/www.bve.ulaval.ca\/en\/wp-json\/wp\/v2\/posts\/169997","targetHints":{"allow":["GET"]}}],"collection":[{"href":"https:\/\/www.bve.ulaval.ca\/en\/wp-json\/wp\/v2\/posts"}],"about":[{"href":"https:\/\/www.bve.ulaval.ca\/en\/wp-json\/wp\/v2\/types\/post"}],"author":[{"embeddable":true,"href":"https:\/\/www.bve.ulaval.ca\/en\/wp-json\/wp\/v2\/users\/39"}],"replies":[{"embeddable":true,"href":"https:\/\/www.bve.ulaval.ca\/en\/wp-json\/wp\/v2\/comments?post=169997"}],"version-history":[{"count":2,"href":"https:\/\/www.bve.ulaval.ca\/en\/wp-json\/wp\/v2\/posts\/169997\/revisions"}],"predecessor-version":[{"id":172371,"href":"https:\/\/www.bve.ulaval.ca\/en\/wp-json\/wp\/v2\/posts\/169997\/revisions\/172371"}],"wp:attachment":[{"href":"https:\/\/www.bve.ulaval.ca\/en\/wp-json\/wp\/v2\/media?parent=169997"}],"wp:term":[{"taxonomy":"category","embeddable":true,"href":"https:\/\/www.bve.ulaval.ca\/en\/wp-json\/wp\/v2\/categories?post=169997"},{"taxonomy":"post_tag","embeddable":true,"href":"https:\/\/www.bve.ulaval.ca\/en\/wp-json\/wp\/v2\/tags?post=169997"}],"curies":[{"name":"wp","href":"https:\/\/api.w.org\/{rel}","templated":true}]}}