{"id":170216,"date":"2025-04-02T09:06:01","date_gmt":"2025-04-02T13:06:01","guid":{"rendered":"https:\/\/www.bve.ulaval.ca\/?p=170216"},"modified":"2025-05-19T13:02:19","modified_gmt":"2025-05-19T17:02:19","slug":"saison-printemps-2025-de-la-troupe-de-theatre-les-treize","status":"publish","type":"post","link":"https:\/\/www.bve.ulaval.ca\/en\/nouvelles\/saison-printemps-2025-de-la-troupe-de-theatre-les-treize\/","title":{"rendered":"Saison printemps 2025 de la Troupe de th\u00e9\u00e2tre Les Treize"},"content":{"rendered":"<p><a href=\"https:\/\/www.bve.ulaval.ca\/wp-content\/uploads\/2025\/04\/visuels-bulletins-treize.jpg\"><img loading=\"lazy\" decoding=\"async\" class=\"alignright wp-image-170223 size-medium\" src=\"https:\/\/www.bve.ulaval.ca\/wp-content\/uploads\/2025\/04\/visuels-bulletins-treize-250x200.jpg\" alt=\"\" width=\"250\" height=\"200\" srcset=\"https:\/\/www.bve.ulaval.ca\/wp-content\/uploads\/2025\/04\/visuels-bulletins-treize-250x200.jpg 250w, https:\/\/www.bve.ulaval.ca\/wp-content\/uploads\/2025\/04\/visuels-bulletins-treize-700x560.jpg 700w, https:\/\/www.bve.ulaval.ca\/wp-content\/uploads\/2025\/04\/visuels-bulletins-treize-768x614.jpg 768w, https:\/\/www.bve.ulaval.ca\/wp-content\/uploads\/2025\/04\/visuels-bulletins-treize-120x96.jpg 120w, https:\/\/www.bve.ulaval.ca\/wp-content\/uploads\/2025\/04\/visuels-bulletins-treize.jpg 1293w\" sizes=\"auto, (max-width: 250px) 100vw, 250px\" \/><\/a>La Troupe de th\u00e9\u00e2tre Les Treize de l\u2019Universit\u00e9 Laval entame sa 76e saison! Cette ann\u00e9e encore, les talentueux \u00e9tudiantes et \u00e9tudiants sont fiers de s\u2019impliquer pour faire briller le th\u00e9\u00e2tre sur le campus.<\/p>\n<p>Voici la programmation de la saison 2025:<\/p>\n<p><strong>Le Pillowman (Martin McDonagh, traduit par Fanny Britt)<\/strong><\/p>\n<p>Un \u00e9crivain est interrog\u00e9 par la police dans un \u00e9tat totalitaire. Ses contes macabres ressemblent \u00e9trangement \u00e0 des crimes r\u00e9cents&#8230; Co\u00efncidence ou sinistre inspiration? Entre humour noir et tension dramatique, Le Pillowman vous entra\u00eene dans un jeu dangereux o\u00f9 l\u2019imagination devient une arme redoutable.<\/p>\n<ul style=\"list-style-type: disc;\">\n<li>Dates: 25-26-27 avril<\/li>\n<li>Heure et dur\u00e9e: 19h-21h30 (avec entracte) et 15h-17h30 (27 avril)<\/li>\n<li>Lieu: Th\u00e9\u00e2tre de poche, Pavillon Maurice-Pollack, Universit\u00e9 Laval (2305 rue de l\u2019Universit\u00e9, 2e \u00e9tage, G1V 0A6)<\/li>\n<li><a href=\"https:\/\/www.zeffy.com\/ticketing\/le-pillowman-une-piece-de-martin-mcdonagh\" target=\"_blank\" rel=\"noopener\">Billetterie<\/a><\/li>\n<\/ul>\n<p><strong>Les Pieds des Anges (\u00c9velyne de la Cheneli\u00e8re)<\/strong><\/p>\n<ul style=\"list-style-type: disc;\">\n<li>Vivre, mourir, chercher, vivre dans la peau d\u2019un autre, faire semblant. Comment d\u00e9couvrir qui l\u2019on est dans un monde o\u00f9 l\u2019on peut \u00eatre tout, o\u00f9 toutes les r\u00e9ponses sont bonnes et mauvaises \u00e0 la fois?<\/li>\n<li>Dates: 14-15-16 mai<\/li>\n<li>Heure et dur\u00e9e: 19h30-21h30 (sans entracte)<\/li>\n<li>Lieu: Studios LANTISS, 3e \u00e9tage (tout en haut de la rampe rouge), Pavillon Louis-Jacques-Casault, Universit\u00e9 Laval (1055 Avenue du S\u00e9minaire, Qu\u00e9bec, G1V 0A6)<\/li>\n<li><a href=\"https:\/\/www.zeffy.com\/ticketing\/les-pieds-des-anges-evelyne-de-la-cheneliere\" target=\"_blank\" rel=\"noopener\">Billetterie<\/a><\/li>\n<\/ul>\n<p><strong>Five Kings: L\u2019histoire de notre chute (Olivier Kemeid)<\/strong><\/p>\n<p>Une fresque th\u00e9\u00e2trale qui revisite le cycle des rois de Shakespeare \u00e0 travers une adaptation qu\u00e9b\u00e9coise contemporaine. Entre trag\u00e9die et satire, la pi\u00e8ce explore la soif de pouvoir et ses ravages \u00e0 travers 5 g\u00e9n\u00e9rations de rois, offrant une r\u00e9flexion sur l\u2019h\u00e9ritage, la politique et la d\u00e9cadence des empires.<\/p>\n<ul style=\"list-style-type: disc;\">\n<li>Dates: 17-18-19 mai<\/li>\n<li>Heure et dur\u00e9e: 19h-22h30 (avec entracte) (changement d&#8217;horaire pour le 19 mai: 14h \u00e0 17h45)<\/li>\n<li>Lieu: Amphith\u00e9\u00e2tre Hydro-Qu\u00e9bec, Pavillon Alphonse-Desjardins, Universit\u00e9 Laval (2325 rue de l\u2019Universit\u00e9, 2e \u00e9tage, G1V 0A6)<\/li>\n<li><a href=\"https:\/\/www.zeffy.com\/ticketing\/five-kings-lhistoire-de-notre-chute-olivier-kemeid\" target=\"_blank\" rel=\"noopener\">Billetterie<\/a><\/li>\n<\/ul>\n<p>&nbsp;<\/p>\n<p><strong>Information<\/strong><br \/>\n<a href=\"https:\/\/www.facebook.com\/lestreize?locale=fr_CA\" target=\"_blank\" rel=\"noopener\">Facebook<\/a><br \/>\n<a href=\"mailto:lestreize@asso.ulaval.ca\">lestreize@asso.ulaval.ca<\/a><\/p>\n","protected":false},"excerpt":{"rendered":"<p>La Troupe de th\u00e9\u00e2tre Les Treize de l\u2019Universit\u00e9 Laval entame sa 76e saison! Cette ann\u00e9e encore, les talentueux \u00e9tudiantes et \u00e9tudiants sont fiers de s\u2019impliquer pour faire briller le th\u00e9\u00e2tre sur le campus. Voici la programmation de la saison 2025: Le Pillowman (Martin McDonagh, traduit par Fanny Britt) Un \u00e9crivain est interrog\u00e9 par la police [&hellip;]<\/p>\n","protected":false},"author":39,"featured_media":0,"comment_status":"closed","ping_status":"closed","sticky":false,"template":"","format":"standard","meta":{"_acf_changed":false,"footnotes":""},"categories":[4,53,54],"tags":[],"class_list":["post-170216","post","type-post","status-publish","format-standard","hentry","category-nouvelles","category-nouvelles-associations-etudiantes","category-nouvelles-vie-artistique"],"acf":[],"yoast_head":"<!-- This site is optimized with the Yoast SEO plugin v27.5 - https:\/\/yoast.com\/product\/yoast-seo-wordpress\/ -->\n<title>Saison printemps 2025 de la Troupe de th\u00e9\u00e2tre Les Treize | Bureau de la vie \u00e9tudiante<\/title>\n<meta name=\"robots\" content=\"index, follow, max-snippet:-1, max-image-preview:large, max-video-preview:-1\" \/>\n<link rel=\"canonical\" href=\"https:\/\/www.bve.ulaval.ca\/en\/nouvelles\/saison-printemps-2025-de-la-troupe-de-theatre-les-treize\/\" \/>\n<meta property=\"og:locale\" content=\"en_US\" \/>\n<meta property=\"og:type\" content=\"article\" \/>\n<meta property=\"og:title\" content=\"Saison printemps 2025 de la Troupe de th\u00e9\u00e2tre Les Treize | Bureau de la vie \u00e9tudiante\" \/>\n<meta property=\"og:description\" content=\"La Troupe de th\u00e9\u00e2tre Les Treize de l\u2019Universit\u00e9 Laval entame sa 76e saison! Cette ann\u00e9e encore, les talentueux \u00e9tudiantes et \u00e9tudiants sont fiers de s\u2019impliquer pour faire briller le th\u00e9\u00e2tre sur le campus. Voici la programmation de la saison 2025: Le Pillowman (Martin McDonagh, traduit par Fanny Britt) Un \u00e9crivain est interrog\u00e9 par la police [&hellip;]\" \/>\n<meta property=\"og:url\" content=\"https:\/\/www.bve.ulaval.ca\/en\/nouvelles\/saison-printemps-2025-de-la-troupe-de-theatre-les-treize\/\" \/>\n<meta property=\"og:site_name\" content=\"Bureau de la vie \u00e9tudiante\" \/>\n<meta property=\"article:publisher\" content=\"https:\/\/www.facebook.com\/BVEvieetudiante\" \/>\n<meta property=\"article:published_time\" content=\"2025-04-02T13:06:01+00:00\" \/>\n<meta property=\"article:modified_time\" content=\"2025-05-19T17:02:19+00:00\" \/>\n<meta property=\"og:image\" content=\"https:\/\/www.bve.ulaval.ca\/wp-content\/uploads\/2025\/04\/visuels-bulletins-treize.jpg\" \/>\n\t<meta property=\"og:image:width\" content=\"1293\" \/>\n\t<meta property=\"og:image:height\" content=\"1034\" \/>\n\t<meta property=\"og:image:type\" content=\"image\/jpeg\" \/>\n<meta name=\"author\" content=\"Shirley Charles\" \/>\n<meta name=\"twitter:label1\" content=\"Written by\" \/>\n\t<meta name=\"twitter:data1\" content=\"Shirley Charles\" \/>\n\t<meta name=\"twitter:label2\" content=\"Est. reading time\" \/>\n\t<meta name=\"twitter:data2\" content=\"2 minutes\" \/>\n<script type=\"application\/ld+json\" class=\"yoast-schema-graph\">{\"@context\":\"https:\\\/\\\/schema.org\",\"@graph\":[{\"@type\":\"Article\",\"@id\":\"https:\\\/\\\/www.bve.ulaval.ca\\\/en\\\/nouvelles\\\/saison-printemps-2025-de-la-troupe-de-theatre-les-treize\\\/#article\",\"isPartOf\":{\"@id\":\"https:\\\/\\\/www.bve.ulaval.ca\\\/en\\\/nouvelles\\\/saison-printemps-2025-de-la-troupe-de-theatre-les-treize\\\/\"},\"author\":{\"name\":\"Shirley Charles\",\"@id\":\"https:\\\/\\\/www.bve.ulaval.ca\\\/en\\\/#\\\/schema\\\/person\\\/d02f3d365a7c9bbb76f3fd476b1ce020\"},\"headline\":\"Saison printemps 2025 de la Troupe de th\u00e9\u00e2tre Les Treize\",\"datePublished\":\"2025-04-02T13:06:01+00:00\",\"dateModified\":\"2025-05-19T17:02:19+00:00\",\"mainEntityOfPage\":{\"@id\":\"https:\\\/\\\/www.bve.ulaval.ca\\\/en\\\/nouvelles\\\/saison-printemps-2025-de-la-troupe-de-theatre-les-treize\\\/\"},\"wordCount\":343,\"image\":{\"@id\":\"https:\\\/\\\/www.bve.ulaval.ca\\\/en\\\/nouvelles\\\/saison-printemps-2025-de-la-troupe-de-theatre-les-treize\\\/#primaryimage\"},\"thumbnailUrl\":\"https:\\\/\\\/www.bve.ulaval.ca\\\/wp-content\\\/uploads\\\/2025\\\/04\\\/visuels-bulletins-treize-250x200.jpg\",\"articleSection\":[\"Nouvelles\",\"Nouvelles - Associations \u00e9tudiantes\",\"Nouvelles - Vie artistique\"],\"inLanguage\":\"en-US\"},{\"@type\":\"WebPage\",\"@id\":\"https:\\\/\\\/www.bve.ulaval.ca\\\/en\\\/nouvelles\\\/saison-printemps-2025-de-la-troupe-de-theatre-les-treize\\\/\",\"url\":\"https:\\\/\\\/www.bve.ulaval.ca\\\/en\\\/nouvelles\\\/saison-printemps-2025-de-la-troupe-de-theatre-les-treize\\\/\",\"name\":\"Saison printemps 2025 de la Troupe de th\u00e9\u00e2tre Les Treize | Bureau de la vie \u00e9tudiante\",\"isPartOf\":{\"@id\":\"https:\\\/\\\/www.bve.ulaval.ca\\\/en\\\/#website\"},\"primaryImageOfPage\":{\"@id\":\"https:\\\/\\\/www.bve.ulaval.ca\\\/en\\\/nouvelles\\\/saison-printemps-2025-de-la-troupe-de-theatre-les-treize\\\/#primaryimage\"},\"image\":{\"@id\":\"https:\\\/\\\/www.bve.ulaval.ca\\\/en\\\/nouvelles\\\/saison-printemps-2025-de-la-troupe-de-theatre-les-treize\\\/#primaryimage\"},\"thumbnailUrl\":\"https:\\\/\\\/www.bve.ulaval.ca\\\/wp-content\\\/uploads\\\/2025\\\/04\\\/visuels-bulletins-treize-250x200.jpg\",\"datePublished\":\"2025-04-02T13:06:01+00:00\",\"dateModified\":\"2025-05-19T17:02:19+00:00\",\"author\":{\"@id\":\"https:\\\/\\\/www.bve.ulaval.ca\\\/en\\\/#\\\/schema\\\/person\\\/d02f3d365a7c9bbb76f3fd476b1ce020\"},\"breadcrumb\":{\"@id\":\"https:\\\/\\\/www.bve.ulaval.ca\\\/en\\\/nouvelles\\\/saison-printemps-2025-de-la-troupe-de-theatre-les-treize\\\/#breadcrumb\"},\"inLanguage\":\"en-US\",\"potentialAction\":[{\"@type\":\"ReadAction\",\"target\":[\"https:\\\/\\\/www.bve.ulaval.ca\\\/en\\\/nouvelles\\\/saison-printemps-2025-de-la-troupe-de-theatre-les-treize\\\/\"]}]},{\"@type\":\"ImageObject\",\"inLanguage\":\"en-US\",\"@id\":\"https:\\\/\\\/www.bve.ulaval.ca\\\/en\\\/nouvelles\\\/saison-printemps-2025-de-la-troupe-de-theatre-les-treize\\\/#primaryimage\",\"url\":\"https:\\\/\\\/www.bve.ulaval.ca\\\/wp-content\\\/uploads\\\/2025\\\/04\\\/visuels-bulletins-treize-250x200.jpg\",\"contentUrl\":\"https:\\\/\\\/www.bve.ulaval.ca\\\/wp-content\\\/uploads\\\/2025\\\/04\\\/visuels-bulletins-treize-250x200.jpg\"},{\"@type\":\"BreadcrumbList\",\"@id\":\"https:\\\/\\\/www.bve.ulaval.ca\\\/en\\\/nouvelles\\\/saison-printemps-2025-de-la-troupe-de-theatre-les-treize\\\/#breadcrumb\",\"itemListElement\":[{\"@type\":\"ListItem\",\"position\":1,\"name\":\"Accueil\",\"item\":\"https:\\\/\\\/www.bve.ulaval.ca\\\/en\\\/\"},{\"@type\":\"ListItem\",\"position\":2,\"name\":\"Saison printemps 2025 de la Troupe de th\u00e9\u00e2tre Les Treize\"}]},{\"@type\":\"WebSite\",\"@id\":\"https:\\\/\\\/www.bve.ulaval.ca\\\/en\\\/#website\",\"url\":\"https:\\\/\\\/www.bve.ulaval.ca\\\/en\\\/\",\"name\":\"Bureau de la vie \u00e9tudiante\",\"description\":\"Universit\u00e9 Laval\",\"potentialAction\":[{\"@type\":\"SearchAction\",\"target\":{\"@type\":\"EntryPoint\",\"urlTemplate\":\"https:\\\/\\\/www.bve.ulaval.ca\\\/en\\\/?s={search_term_string}\"},\"query-input\":{\"@type\":\"PropertyValueSpecification\",\"valueRequired\":true,\"valueName\":\"search_term_string\"}}],\"inLanguage\":\"en-US\"},{\"@type\":\"Person\",\"@id\":\"https:\\\/\\\/www.bve.ulaval.ca\\\/en\\\/#\\\/schema\\\/person\\\/d02f3d365a7c9bbb76f3fd476b1ce020\",\"name\":\"Shirley Charles\",\"image\":{\"@type\":\"ImageObject\",\"inLanguage\":\"en-US\",\"@id\":\"https:\\\/\\\/secure.gravatar.com\\\/avatar\\\/b5920ff61d14f37c3c5cfad27bbbbe0a51a7935c98b2453a2ed402e47c41b93a?s=96&d=mm&r=g\",\"url\":\"https:\\\/\\\/secure.gravatar.com\\\/avatar\\\/b5920ff61d14f37c3c5cfad27bbbbe0a51a7935c98b2453a2ed402e47c41b93a?s=96&d=mm&r=g\",\"contentUrl\":\"https:\\\/\\\/secure.gravatar.com\\\/avatar\\\/b5920ff61d14f37c3c5cfad27bbbbe0a51a7935c98b2453a2ed402e47c41b93a?s=96&d=mm&r=g\",\"caption\":\"Shirley Charles\"},\"sameAs\":[\"http:\\\/\\\/capar77\"],\"url\":\"https:\\\/\\\/www.bve.ulaval.ca\\\/en\\\/author\\\/shcha20\\\/\"}]}<\/script>\n<!-- \/ Yoast SEO plugin. -->","yoast_head_json":{"title":"Saison printemps 2025 de la Troupe de th\u00e9\u00e2tre Les Treize | Bureau de la vie \u00e9tudiante","robots":{"index":"index","follow":"follow","max-snippet":"max-snippet:-1","max-image-preview":"max-image-preview:large","max-video-preview":"max-video-preview:-1"},"canonical":"https:\/\/www.bve.ulaval.ca\/en\/nouvelles\/saison-printemps-2025-de-la-troupe-de-theatre-les-treize\/","og_locale":"en_US","og_type":"article","og_title":"Saison printemps 2025 de la Troupe de th\u00e9\u00e2tre Les Treize | Bureau de la vie \u00e9tudiante","og_description":"La Troupe de th\u00e9\u00e2tre Les Treize de l\u2019Universit\u00e9 Laval entame sa 76e saison! Cette ann\u00e9e encore, les talentueux \u00e9tudiantes et \u00e9tudiants sont fiers de s\u2019impliquer pour faire briller le th\u00e9\u00e2tre sur le campus. Voici la programmation de la saison 2025: Le Pillowman (Martin McDonagh, traduit par Fanny Britt) Un \u00e9crivain est interrog\u00e9 par la police [&hellip;]","og_url":"https:\/\/www.bve.ulaval.ca\/en\/nouvelles\/saison-printemps-2025-de-la-troupe-de-theatre-les-treize\/","og_site_name":"Bureau de la vie \u00e9tudiante","article_publisher":"https:\/\/www.facebook.com\/BVEvieetudiante","article_published_time":"2025-04-02T13:06:01+00:00","article_modified_time":"2025-05-19T17:02:19+00:00","og_image":[{"width":1293,"height":1034,"url":"https:\/\/www.bve.ulaval.ca\/wp-content\/uploads\/2025\/04\/visuels-bulletins-treize.jpg","type":"image\/jpeg"}],"author":"Shirley Charles","twitter_misc":{"Written by":"Shirley Charles","Est. reading time":"2 minutes"},"schema":{"@context":"https:\/\/schema.org","@graph":[{"@type":"Article","@id":"https:\/\/www.bve.ulaval.ca\/en\/nouvelles\/saison-printemps-2025-de-la-troupe-de-theatre-les-treize\/#article","isPartOf":{"@id":"https:\/\/www.bve.ulaval.ca\/en\/nouvelles\/saison-printemps-2025-de-la-troupe-de-theatre-les-treize\/"},"author":{"name":"Shirley Charles","@id":"https:\/\/www.bve.ulaval.ca\/en\/#\/schema\/person\/d02f3d365a7c9bbb76f3fd476b1ce020"},"headline":"Saison printemps 2025 de la Troupe de th\u00e9\u00e2tre Les Treize","datePublished":"2025-04-02T13:06:01+00:00","dateModified":"2025-05-19T17:02:19+00:00","mainEntityOfPage":{"@id":"https:\/\/www.bve.ulaval.ca\/en\/nouvelles\/saison-printemps-2025-de-la-troupe-de-theatre-les-treize\/"},"wordCount":343,"image":{"@id":"https:\/\/www.bve.ulaval.ca\/en\/nouvelles\/saison-printemps-2025-de-la-troupe-de-theatre-les-treize\/#primaryimage"},"thumbnailUrl":"https:\/\/www.bve.ulaval.ca\/wp-content\/uploads\/2025\/04\/visuels-bulletins-treize-250x200.jpg","articleSection":["Nouvelles","Nouvelles - Associations \u00e9tudiantes","Nouvelles - Vie artistique"],"inLanguage":"en-US"},{"@type":"WebPage","@id":"https:\/\/www.bve.ulaval.ca\/en\/nouvelles\/saison-printemps-2025-de-la-troupe-de-theatre-les-treize\/","url":"https:\/\/www.bve.ulaval.ca\/en\/nouvelles\/saison-printemps-2025-de-la-troupe-de-theatre-les-treize\/","name":"Saison printemps 2025 de la Troupe de th\u00e9\u00e2tre Les Treize | Bureau de la vie \u00e9tudiante","isPartOf":{"@id":"https:\/\/www.bve.ulaval.ca\/en\/#website"},"primaryImageOfPage":{"@id":"https:\/\/www.bve.ulaval.ca\/en\/nouvelles\/saison-printemps-2025-de-la-troupe-de-theatre-les-treize\/#primaryimage"},"image":{"@id":"https:\/\/www.bve.ulaval.ca\/en\/nouvelles\/saison-printemps-2025-de-la-troupe-de-theatre-les-treize\/#primaryimage"},"thumbnailUrl":"https:\/\/www.bve.ulaval.ca\/wp-content\/uploads\/2025\/04\/visuels-bulletins-treize-250x200.jpg","datePublished":"2025-04-02T13:06:01+00:00","dateModified":"2025-05-19T17:02:19+00:00","author":{"@id":"https:\/\/www.bve.ulaval.ca\/en\/#\/schema\/person\/d02f3d365a7c9bbb76f3fd476b1ce020"},"breadcrumb":{"@id":"https:\/\/www.bve.ulaval.ca\/en\/nouvelles\/saison-printemps-2025-de-la-troupe-de-theatre-les-treize\/#breadcrumb"},"inLanguage":"en-US","potentialAction":[{"@type":"ReadAction","target":["https:\/\/www.bve.ulaval.ca\/en\/nouvelles\/saison-printemps-2025-de-la-troupe-de-theatre-les-treize\/"]}]},{"@type":"ImageObject","inLanguage":"en-US","@id":"https:\/\/www.bve.ulaval.ca\/en\/nouvelles\/saison-printemps-2025-de-la-troupe-de-theatre-les-treize\/#primaryimage","url":"https:\/\/www.bve.ulaval.ca\/wp-content\/uploads\/2025\/04\/visuels-bulletins-treize-250x200.jpg","contentUrl":"https:\/\/www.bve.ulaval.ca\/wp-content\/uploads\/2025\/04\/visuels-bulletins-treize-250x200.jpg"},{"@type":"BreadcrumbList","@id":"https:\/\/www.bve.ulaval.ca\/en\/nouvelles\/saison-printemps-2025-de-la-troupe-de-theatre-les-treize\/#breadcrumb","itemListElement":[{"@type":"ListItem","position":1,"name":"Accueil","item":"https:\/\/www.bve.ulaval.ca\/en\/"},{"@type":"ListItem","position":2,"name":"Saison printemps 2025 de la Troupe de th\u00e9\u00e2tre Les Treize"}]},{"@type":"WebSite","@id":"https:\/\/www.bve.ulaval.ca\/en\/#website","url":"https:\/\/www.bve.ulaval.ca\/en\/","name":"Bureau de la vie \u00e9tudiante","description":"Universit\u00e9 Laval","potentialAction":[{"@type":"SearchAction","target":{"@type":"EntryPoint","urlTemplate":"https:\/\/www.bve.ulaval.ca\/en\/?s={search_term_string}"},"query-input":{"@type":"PropertyValueSpecification","valueRequired":true,"valueName":"search_term_string"}}],"inLanguage":"en-US"},{"@type":"Person","@id":"https:\/\/www.bve.ulaval.ca\/en\/#\/schema\/person\/d02f3d365a7c9bbb76f3fd476b1ce020","name":"Shirley Charles","image":{"@type":"ImageObject","inLanguage":"en-US","@id":"https:\/\/secure.gravatar.com\/avatar\/b5920ff61d14f37c3c5cfad27bbbbe0a51a7935c98b2453a2ed402e47c41b93a?s=96&d=mm&r=g","url":"https:\/\/secure.gravatar.com\/avatar\/b5920ff61d14f37c3c5cfad27bbbbe0a51a7935c98b2453a2ed402e47c41b93a?s=96&d=mm&r=g","contentUrl":"https:\/\/secure.gravatar.com\/avatar\/b5920ff61d14f37c3c5cfad27bbbbe0a51a7935c98b2453a2ed402e47c41b93a?s=96&d=mm&r=g","caption":"Shirley Charles"},"sameAs":["http:\/\/capar77"],"url":"https:\/\/www.bve.ulaval.ca\/en\/author\/shcha20\/"}]}},"_links":{"self":[{"href":"https:\/\/www.bve.ulaval.ca\/en\/wp-json\/wp\/v2\/posts\/170216","targetHints":{"allow":["GET"]}}],"collection":[{"href":"https:\/\/www.bve.ulaval.ca\/en\/wp-json\/wp\/v2\/posts"}],"about":[{"href":"https:\/\/www.bve.ulaval.ca\/en\/wp-json\/wp\/v2\/types\/post"}],"author":[{"embeddable":true,"href":"https:\/\/www.bve.ulaval.ca\/en\/wp-json\/wp\/v2\/users\/39"}],"replies":[{"embeddable":true,"href":"https:\/\/www.bve.ulaval.ca\/en\/wp-json\/wp\/v2\/comments?post=170216"}],"version-history":[{"count":0,"href":"https:\/\/www.bve.ulaval.ca\/en\/wp-json\/wp\/v2\/posts\/170216\/revisions"}],"wp:attachment":[{"href":"https:\/\/www.bve.ulaval.ca\/en\/wp-json\/wp\/v2\/media?parent=170216"}],"wp:term":[{"taxonomy":"category","embeddable":true,"href":"https:\/\/www.bve.ulaval.ca\/en\/wp-json\/wp\/v2\/categories?post=170216"},{"taxonomy":"post_tag","embeddable":true,"href":"https:\/\/www.bve.ulaval.ca\/en\/wp-json\/wp\/v2\/tags?post=170216"}],"curies":[{"name":"wp","href":"https:\/\/api.w.org\/{rel}","templated":true}]}}