{"id":170243,"date":"2025-04-04T07:57:07","date_gmt":"2025-04-04T11:57:07","guid":{"rendered":"https:\/\/www.bve.ulaval.ca\/?p=170243"},"modified":"2025-04-04T08:07:46","modified_gmt":"2025-04-04T12:07:46","slug":"conference-gratuite-de-voyage-a-velo-100-000-km-a-velo-du-bresil-a-limoilou-avec-charles-v-lemieux","status":"publish","type":"post","link":"https:\/\/www.bve.ulaval.ca\/en\/nouvelles\/conference-gratuite-de-voyage-a-velo-100-000-km-a-velo-du-bresil-a-limoilou-avec-charles-v-lemieux\/","title":{"rendered":"Conf\u00e9rence gratuite de voyage \u00e0 v\u00e9lo: \u00ab100 000 km \u00e0 v\u00e9lo, du Br\u00e9sil \u00e0 Limoilou avec Charles V. Lemieux\u00bb"},"content":{"rendered":"<p><a href=\"https:\/\/www.bve.ulaval.ca\/wp-content\/uploads\/2025\/04\/visuels-bulletins-coop.jpg\"><img loading=\"lazy\" decoding=\"async\" class=\"alignright wp-image-170245 size-medium\" src=\"https:\/\/www.bve.ulaval.ca\/wp-content\/uploads\/2025\/04\/visuels-bulletins-coop-250x200.jpg\" alt=\"\" width=\"250\" height=\"200\" srcset=\"https:\/\/www.bve.ulaval.ca\/wp-content\/uploads\/2025\/04\/visuels-bulletins-coop-250x200.jpg 250w, https:\/\/www.bve.ulaval.ca\/wp-content\/uploads\/2025\/04\/visuels-bulletins-coop-700x560.jpg 700w, https:\/\/www.bve.ulaval.ca\/wp-content\/uploads\/2025\/04\/visuels-bulletins-coop-768x614.jpg 768w, https:\/\/www.bve.ulaval.ca\/wp-content\/uploads\/2025\/04\/visuels-bulletins-coop-120x96.jpg 120w, https:\/\/www.bve.ulaval.ca\/wp-content\/uploads\/2025\/04\/visuels-bulletins-coop.jpg 1293w\" sizes=\"auto, (max-width: 250px) 100vw, 250px\" \/><\/a>La Coop Roue-Libre de l&#8217;Universit\u00e9 Laval vous invite \u00e0 une conf\u00e9rence de voyage \u00e0 v\u00e9lo gratuite le <strong>6 mai<\/strong>\u00a0\u00e0 19h.<\/p>\n<p>100 000, c&#8217;est le nombre de kilom\u00e8tres parcourus par Charles V. Lemieux dans plus de 53 pays! Le cycliste-g\u00e9ologue devenu YouTubeur \u00e0 ses heures vous racontera les p\u00e9rip\u00e9ties de son voyage qui le mena du Br\u00e9sil jusqu&#8217;\u00e0 Limoilou, concluant ainsi son aller-retour \u00e0 la Terre de Feu, pour le plus grand plaisir des m\u00e9dias.<\/p>\n<p>Depuis l&#8217;inf\u00e2me route trans-amazonienne, sous le soleil \u00e9quatorial de la Guyane, tout en passant par le bouillant V\u00e9n\u00e9zuela et en devenant temporairement marin dans les Antilles, Charles V. Lemieux repousse les limites du cyclotourisme en sortant des sentiers battus avec sa brinquebalante monture qui a clairement connu des jours meilleurs. Reconnu pour son humour improvis\u00e9, il prouvera que l&#8217;aventure est toujours au rendez-vous pour celui ou celle qui la souhaite&#8230; et qu&#8217;il n&#8217;existe pas de meilleur moyen de le faire qu&#8217;\u00e0 v\u00e9lo!<\/p>\n<p>C&#8217;est un rendez-vous gratuit pour toute la communaut\u00e9 universitaire au Caf\u00e9 Fou Aeli\u00e9s (\u00e0 l&#8217;int\u00e9rieur du pavillon Alphonse-Desjardins (ADJ) 2325, rue de l&#8217;Universit\u00e9, Qu\u00e9bec, QC, G1V 0A6). Le stationnement est gratuit au niveau 00 du pavillon Alphonse-Desjardins et vous \u00eates fortement encourag\u00e9s \u00e0 utiliser le transport actif et\/ou collectif pour vous y rendre (Station Universit\u00e9 Laval: le lieu est desservi par plusieurs M\u00e9trobus et de nombreuses autres lignes du RTC\/STL). La pr\u00e9sentation d\u00e9bute \u00e0 19h mais il est pr\u00e9f\u00e9rable d&#8217;arriver d\u00e8s 18h30 pour discuter avec d\u2019autres cyclistes utilitaires de la communaut\u00e9 de Qu\u00e9bec et des environs. Entr\u00e9e gratuite, mais l&#8217;achat d&#8217;une consommation sur place est fortement encourag\u00e9.<\/p>\n<p><strong>Information<\/strong><br \/>\n<a href=\"https:\/\/www.facebook.com\/share\/162UZmFYny\/\" target=\"_blank\" rel=\"noopener\">\u00c9v\u00e9nement Facebook<\/a><br \/>\n<a href=\"https:\/\/drive.google.com\/file\/d\/1PAm2Uc-C3B4tDn7TFulKrt-6fsdeahr-\/view\" target=\"_blank\" rel=\"noopener\">Programmation hiver 2025<\/a><br \/>\n<a href=\"https:\/\/www.facebook.com\/CRLUL\" target=\"_blank\" rel=\"noopener\">Facebook Coop Roue-Libre<\/a><br \/>\n<a href=\"mailto:jeffgagnon_01@hotmail.com\">jeffgagnon_01@hotmail.com<\/a><\/p>\n","protected":false},"excerpt":{"rendered":"<p>La Coop Roue-Libre de l&#8217;Universit\u00e9 Laval vous invite \u00e0 une conf\u00e9rence de voyage \u00e0 v\u00e9lo gratuite le 6 mai\u00a0\u00e0 19h. 100 000, c&#8217;est le nombre de kilom\u00e8tres parcourus par Charles V. Lemieux dans plus de 53 pays! Le cycliste-g\u00e9ologue devenu YouTubeur \u00e0 ses heures vous racontera les p\u00e9rip\u00e9ties de son voyage qui le mena du [&hellip;]<\/p>\n","protected":false},"author":39,"featured_media":0,"comment_status":"closed","ping_status":"closed","sticky":false,"template":"","format":"standard","meta":{"_acf_changed":false,"footnotes":""},"categories":[4,53],"tags":[],"class_list":["post-170243","post","type-post","status-publish","format-standard","hentry","category-nouvelles","category-nouvelles-associations-etudiantes"],"acf":[],"yoast_head":"<!-- This site is optimized with the Yoast SEO plugin v27.5 - https:\/\/yoast.com\/product\/yoast-seo-wordpress\/ -->\n<title>Conf\u00e9rence gratuite de voyage \u00e0 v\u00e9lo: \u00ab100 000 km \u00e0 v\u00e9lo, du Br\u00e9sil \u00e0 Limoilou avec Charles V. Lemieux\u00bb | Bureau de la vie \u00e9tudiante<\/title>\n<meta name=\"robots\" content=\"index, follow, max-snippet:-1, max-image-preview:large, max-video-preview:-1\" \/>\n<link rel=\"canonical\" href=\"https:\/\/www.bve.ulaval.ca\/en\/nouvelles\/conference-gratuite-de-voyage-a-velo-100-000-km-a-velo-du-bresil-a-limoilou-avec-charles-v-lemieux\/\" \/>\n<meta property=\"og:locale\" content=\"en_US\" \/>\n<meta property=\"og:type\" content=\"article\" \/>\n<meta property=\"og:title\" content=\"Conf\u00e9rence gratuite de voyage \u00e0 v\u00e9lo: \u00ab100 000 km \u00e0 v\u00e9lo, du Br\u00e9sil \u00e0 Limoilou avec Charles V. Lemieux\u00bb | Bureau de la vie \u00e9tudiante\" \/>\n<meta property=\"og:description\" content=\"La Coop Roue-Libre de l&#8217;Universit\u00e9 Laval vous invite \u00e0 une conf\u00e9rence de voyage \u00e0 v\u00e9lo gratuite le 6 mai\u00a0\u00e0 19h. 100 000, c&#8217;est le nombre de kilom\u00e8tres parcourus par Charles V. Lemieux dans plus de 53 pays! Le cycliste-g\u00e9ologue devenu YouTubeur \u00e0 ses heures vous racontera les p\u00e9rip\u00e9ties de son voyage qui le mena du [&hellip;]\" \/>\n<meta property=\"og:url\" content=\"https:\/\/www.bve.ulaval.ca\/en\/nouvelles\/conference-gratuite-de-voyage-a-velo-100-000-km-a-velo-du-bresil-a-limoilou-avec-charles-v-lemieux\/\" \/>\n<meta property=\"og:site_name\" content=\"Bureau de la vie \u00e9tudiante\" \/>\n<meta property=\"article:publisher\" content=\"https:\/\/www.facebook.com\/BVEvieetudiante\" \/>\n<meta property=\"article:published_time\" content=\"2025-04-04T11:57:07+00:00\" \/>\n<meta property=\"article:modified_time\" content=\"2025-04-04T12:07:46+00:00\" \/>\n<meta property=\"og:image\" content=\"https:\/\/www.bve.ulaval.ca\/wp-content\/uploads\/2025\/04\/visuels-bulletins-coop.jpg\" \/>\n\t<meta property=\"og:image:width\" content=\"1293\" \/>\n\t<meta property=\"og:image:height\" content=\"1034\" \/>\n\t<meta property=\"og:image:type\" content=\"image\/jpeg\" \/>\n<meta name=\"author\" content=\"Shirley Charles\" \/>\n<meta name=\"twitter:label1\" content=\"Written by\" \/>\n\t<meta name=\"twitter:data1\" content=\"Shirley Charles\" \/>\n\t<meta name=\"twitter:label2\" content=\"Est. reading time\" \/>\n\t<meta name=\"twitter:data2\" content=\"2 minutes\" \/>\n<script type=\"application\/ld+json\" class=\"yoast-schema-graph\">{\"@context\":\"https:\\\/\\\/schema.org\",\"@graph\":[{\"@type\":\"Article\",\"@id\":\"https:\\\/\\\/www.bve.ulaval.ca\\\/en\\\/nouvelles\\\/conference-gratuite-de-voyage-a-velo-100-000-km-a-velo-du-bresil-a-limoilou-avec-charles-v-lemieux\\\/#article\",\"isPartOf\":{\"@id\":\"https:\\\/\\\/www.bve.ulaval.ca\\\/en\\\/nouvelles\\\/conference-gratuite-de-voyage-a-velo-100-000-km-a-velo-du-bresil-a-limoilou-avec-charles-v-lemieux\\\/\"},\"author\":{\"name\":\"Shirley Charles\",\"@id\":\"https:\\\/\\\/www.bve.ulaval.ca\\\/en\\\/#\\\/schema\\\/person\\\/d02f3d365a7c9bbb76f3fd476b1ce020\"},\"headline\":\"Conf\u00e9rence gratuite de voyage \u00e0 v\u00e9lo: \u00ab100 000 km \u00e0 v\u00e9lo, du Br\u00e9sil \u00e0 Limoilou avec Charles V. Lemieux\u00bb\",\"datePublished\":\"2025-04-04T11:57:07+00:00\",\"dateModified\":\"2025-04-04T12:07:46+00:00\",\"mainEntityOfPage\":{\"@id\":\"https:\\\/\\\/www.bve.ulaval.ca\\\/en\\\/nouvelles\\\/conference-gratuite-de-voyage-a-velo-100-000-km-a-velo-du-bresil-a-limoilou-avec-charles-v-lemieux\\\/\"},\"wordCount\":320,\"image\":{\"@id\":\"https:\\\/\\\/www.bve.ulaval.ca\\\/en\\\/nouvelles\\\/conference-gratuite-de-voyage-a-velo-100-000-km-a-velo-du-bresil-a-limoilou-avec-charles-v-lemieux\\\/#primaryimage\"},\"thumbnailUrl\":\"https:\\\/\\\/www.bve.ulaval.ca\\\/wp-content\\\/uploads\\\/2025\\\/04\\\/visuels-bulletins-coop-250x200.jpg\",\"articleSection\":[\"Nouvelles\",\"Nouvelles - Associations \u00e9tudiantes\"],\"inLanguage\":\"en-US\"},{\"@type\":\"WebPage\",\"@id\":\"https:\\\/\\\/www.bve.ulaval.ca\\\/en\\\/nouvelles\\\/conference-gratuite-de-voyage-a-velo-100-000-km-a-velo-du-bresil-a-limoilou-avec-charles-v-lemieux\\\/\",\"url\":\"https:\\\/\\\/www.bve.ulaval.ca\\\/en\\\/nouvelles\\\/conference-gratuite-de-voyage-a-velo-100-000-km-a-velo-du-bresil-a-limoilou-avec-charles-v-lemieux\\\/\",\"name\":\"Conf\u00e9rence gratuite de voyage \u00e0 v\u00e9lo: \u00ab100 000 km \u00e0 v\u00e9lo, du Br\u00e9sil \u00e0 Limoilou avec Charles V. Lemieux\u00bb | Bureau de la vie \u00e9tudiante\",\"isPartOf\":{\"@id\":\"https:\\\/\\\/www.bve.ulaval.ca\\\/en\\\/#website\"},\"primaryImageOfPage\":{\"@id\":\"https:\\\/\\\/www.bve.ulaval.ca\\\/en\\\/nouvelles\\\/conference-gratuite-de-voyage-a-velo-100-000-km-a-velo-du-bresil-a-limoilou-avec-charles-v-lemieux\\\/#primaryimage\"},\"image\":{\"@id\":\"https:\\\/\\\/www.bve.ulaval.ca\\\/en\\\/nouvelles\\\/conference-gratuite-de-voyage-a-velo-100-000-km-a-velo-du-bresil-a-limoilou-avec-charles-v-lemieux\\\/#primaryimage\"},\"thumbnailUrl\":\"https:\\\/\\\/www.bve.ulaval.ca\\\/wp-content\\\/uploads\\\/2025\\\/04\\\/visuels-bulletins-coop-250x200.jpg\",\"datePublished\":\"2025-04-04T11:57:07+00:00\",\"dateModified\":\"2025-04-04T12:07:46+00:00\",\"author\":{\"@id\":\"https:\\\/\\\/www.bve.ulaval.ca\\\/en\\\/#\\\/schema\\\/person\\\/d02f3d365a7c9bbb76f3fd476b1ce020\"},\"breadcrumb\":{\"@id\":\"https:\\\/\\\/www.bve.ulaval.ca\\\/en\\\/nouvelles\\\/conference-gratuite-de-voyage-a-velo-100-000-km-a-velo-du-bresil-a-limoilou-avec-charles-v-lemieux\\\/#breadcrumb\"},\"inLanguage\":\"en-US\",\"potentialAction\":[{\"@type\":\"ReadAction\",\"target\":[\"https:\\\/\\\/www.bve.ulaval.ca\\\/en\\\/nouvelles\\\/conference-gratuite-de-voyage-a-velo-100-000-km-a-velo-du-bresil-a-limoilou-avec-charles-v-lemieux\\\/\"]}]},{\"@type\":\"ImageObject\",\"inLanguage\":\"en-US\",\"@id\":\"https:\\\/\\\/www.bve.ulaval.ca\\\/en\\\/nouvelles\\\/conference-gratuite-de-voyage-a-velo-100-000-km-a-velo-du-bresil-a-limoilou-avec-charles-v-lemieux\\\/#primaryimage\",\"url\":\"https:\\\/\\\/www.bve.ulaval.ca\\\/wp-content\\\/uploads\\\/2025\\\/04\\\/visuels-bulletins-coop-250x200.jpg\",\"contentUrl\":\"https:\\\/\\\/www.bve.ulaval.ca\\\/wp-content\\\/uploads\\\/2025\\\/04\\\/visuels-bulletins-coop-250x200.jpg\"},{\"@type\":\"BreadcrumbList\",\"@id\":\"https:\\\/\\\/www.bve.ulaval.ca\\\/en\\\/nouvelles\\\/conference-gratuite-de-voyage-a-velo-100-000-km-a-velo-du-bresil-a-limoilou-avec-charles-v-lemieux\\\/#breadcrumb\",\"itemListElement\":[{\"@type\":\"ListItem\",\"position\":1,\"name\":\"Accueil\",\"item\":\"https:\\\/\\\/www.bve.ulaval.ca\\\/en\\\/\"},{\"@type\":\"ListItem\",\"position\":2,\"name\":\"Conf\u00e9rence gratuite de voyage \u00e0 v\u00e9lo: \u00ab100 000 km \u00e0 v\u00e9lo, du Br\u00e9sil \u00e0 Limoilou avec Charles V. Lemieux\u00bb\"}]},{\"@type\":\"WebSite\",\"@id\":\"https:\\\/\\\/www.bve.ulaval.ca\\\/en\\\/#website\",\"url\":\"https:\\\/\\\/www.bve.ulaval.ca\\\/en\\\/\",\"name\":\"Bureau de la vie \u00e9tudiante\",\"description\":\"Universit\u00e9 Laval\",\"potentialAction\":[{\"@type\":\"SearchAction\",\"target\":{\"@type\":\"EntryPoint\",\"urlTemplate\":\"https:\\\/\\\/www.bve.ulaval.ca\\\/en\\\/?s={search_term_string}\"},\"query-input\":{\"@type\":\"PropertyValueSpecification\",\"valueRequired\":true,\"valueName\":\"search_term_string\"}}],\"inLanguage\":\"en-US\"},{\"@type\":\"Person\",\"@id\":\"https:\\\/\\\/www.bve.ulaval.ca\\\/en\\\/#\\\/schema\\\/person\\\/d02f3d365a7c9bbb76f3fd476b1ce020\",\"name\":\"Shirley Charles\",\"image\":{\"@type\":\"ImageObject\",\"inLanguage\":\"en-US\",\"@id\":\"https:\\\/\\\/secure.gravatar.com\\\/avatar\\\/b5920ff61d14f37c3c5cfad27bbbbe0a51a7935c98b2453a2ed402e47c41b93a?s=96&d=mm&r=g\",\"url\":\"https:\\\/\\\/secure.gravatar.com\\\/avatar\\\/b5920ff61d14f37c3c5cfad27bbbbe0a51a7935c98b2453a2ed402e47c41b93a?s=96&d=mm&r=g\",\"contentUrl\":\"https:\\\/\\\/secure.gravatar.com\\\/avatar\\\/b5920ff61d14f37c3c5cfad27bbbbe0a51a7935c98b2453a2ed402e47c41b93a?s=96&d=mm&r=g\",\"caption\":\"Shirley Charles\"},\"sameAs\":[\"http:\\\/\\\/capar77\"],\"url\":\"https:\\\/\\\/www.bve.ulaval.ca\\\/en\\\/author\\\/shcha20\\\/\"}]}<\/script>\n<!-- \/ Yoast SEO plugin. -->","yoast_head_json":{"title":"Conf\u00e9rence gratuite de voyage \u00e0 v\u00e9lo: \u00ab100 000 km \u00e0 v\u00e9lo, du Br\u00e9sil \u00e0 Limoilou avec Charles V. Lemieux\u00bb | Bureau de la vie \u00e9tudiante","robots":{"index":"index","follow":"follow","max-snippet":"max-snippet:-1","max-image-preview":"max-image-preview:large","max-video-preview":"max-video-preview:-1"},"canonical":"https:\/\/www.bve.ulaval.ca\/en\/nouvelles\/conference-gratuite-de-voyage-a-velo-100-000-km-a-velo-du-bresil-a-limoilou-avec-charles-v-lemieux\/","og_locale":"en_US","og_type":"article","og_title":"Conf\u00e9rence gratuite de voyage \u00e0 v\u00e9lo: \u00ab100 000 km \u00e0 v\u00e9lo, du Br\u00e9sil \u00e0 Limoilou avec Charles V. Lemieux\u00bb | Bureau de la vie \u00e9tudiante","og_description":"La Coop Roue-Libre de l&#8217;Universit\u00e9 Laval vous invite \u00e0 une conf\u00e9rence de voyage \u00e0 v\u00e9lo gratuite le 6 mai\u00a0\u00e0 19h. 100 000, c&#8217;est le nombre de kilom\u00e8tres parcourus par Charles V. Lemieux dans plus de 53 pays! Le cycliste-g\u00e9ologue devenu YouTubeur \u00e0 ses heures vous racontera les p\u00e9rip\u00e9ties de son voyage qui le mena du [&hellip;]","og_url":"https:\/\/www.bve.ulaval.ca\/en\/nouvelles\/conference-gratuite-de-voyage-a-velo-100-000-km-a-velo-du-bresil-a-limoilou-avec-charles-v-lemieux\/","og_site_name":"Bureau de la vie \u00e9tudiante","article_publisher":"https:\/\/www.facebook.com\/BVEvieetudiante","article_published_time":"2025-04-04T11:57:07+00:00","article_modified_time":"2025-04-04T12:07:46+00:00","og_image":[{"width":1293,"height":1034,"url":"https:\/\/www.bve.ulaval.ca\/wp-content\/uploads\/2025\/04\/visuels-bulletins-coop.jpg","type":"image\/jpeg"}],"author":"Shirley Charles","twitter_misc":{"Written by":"Shirley Charles","Est. reading time":"2 minutes"},"schema":{"@context":"https:\/\/schema.org","@graph":[{"@type":"Article","@id":"https:\/\/www.bve.ulaval.ca\/en\/nouvelles\/conference-gratuite-de-voyage-a-velo-100-000-km-a-velo-du-bresil-a-limoilou-avec-charles-v-lemieux\/#article","isPartOf":{"@id":"https:\/\/www.bve.ulaval.ca\/en\/nouvelles\/conference-gratuite-de-voyage-a-velo-100-000-km-a-velo-du-bresil-a-limoilou-avec-charles-v-lemieux\/"},"author":{"name":"Shirley Charles","@id":"https:\/\/www.bve.ulaval.ca\/en\/#\/schema\/person\/d02f3d365a7c9bbb76f3fd476b1ce020"},"headline":"Conf\u00e9rence gratuite de voyage \u00e0 v\u00e9lo: \u00ab100 000 km \u00e0 v\u00e9lo, du Br\u00e9sil \u00e0 Limoilou avec Charles V. Lemieux\u00bb","datePublished":"2025-04-04T11:57:07+00:00","dateModified":"2025-04-04T12:07:46+00:00","mainEntityOfPage":{"@id":"https:\/\/www.bve.ulaval.ca\/en\/nouvelles\/conference-gratuite-de-voyage-a-velo-100-000-km-a-velo-du-bresil-a-limoilou-avec-charles-v-lemieux\/"},"wordCount":320,"image":{"@id":"https:\/\/www.bve.ulaval.ca\/en\/nouvelles\/conference-gratuite-de-voyage-a-velo-100-000-km-a-velo-du-bresil-a-limoilou-avec-charles-v-lemieux\/#primaryimage"},"thumbnailUrl":"https:\/\/www.bve.ulaval.ca\/wp-content\/uploads\/2025\/04\/visuels-bulletins-coop-250x200.jpg","articleSection":["Nouvelles","Nouvelles - Associations \u00e9tudiantes"],"inLanguage":"en-US"},{"@type":"WebPage","@id":"https:\/\/www.bve.ulaval.ca\/en\/nouvelles\/conference-gratuite-de-voyage-a-velo-100-000-km-a-velo-du-bresil-a-limoilou-avec-charles-v-lemieux\/","url":"https:\/\/www.bve.ulaval.ca\/en\/nouvelles\/conference-gratuite-de-voyage-a-velo-100-000-km-a-velo-du-bresil-a-limoilou-avec-charles-v-lemieux\/","name":"Conf\u00e9rence gratuite de voyage \u00e0 v\u00e9lo: \u00ab100 000 km \u00e0 v\u00e9lo, du Br\u00e9sil \u00e0 Limoilou avec Charles V. Lemieux\u00bb | Bureau de la vie \u00e9tudiante","isPartOf":{"@id":"https:\/\/www.bve.ulaval.ca\/en\/#website"},"primaryImageOfPage":{"@id":"https:\/\/www.bve.ulaval.ca\/en\/nouvelles\/conference-gratuite-de-voyage-a-velo-100-000-km-a-velo-du-bresil-a-limoilou-avec-charles-v-lemieux\/#primaryimage"},"image":{"@id":"https:\/\/www.bve.ulaval.ca\/en\/nouvelles\/conference-gratuite-de-voyage-a-velo-100-000-km-a-velo-du-bresil-a-limoilou-avec-charles-v-lemieux\/#primaryimage"},"thumbnailUrl":"https:\/\/www.bve.ulaval.ca\/wp-content\/uploads\/2025\/04\/visuels-bulletins-coop-250x200.jpg","datePublished":"2025-04-04T11:57:07+00:00","dateModified":"2025-04-04T12:07:46+00:00","author":{"@id":"https:\/\/www.bve.ulaval.ca\/en\/#\/schema\/person\/d02f3d365a7c9bbb76f3fd476b1ce020"},"breadcrumb":{"@id":"https:\/\/www.bve.ulaval.ca\/en\/nouvelles\/conference-gratuite-de-voyage-a-velo-100-000-km-a-velo-du-bresil-a-limoilou-avec-charles-v-lemieux\/#breadcrumb"},"inLanguage":"en-US","potentialAction":[{"@type":"ReadAction","target":["https:\/\/www.bve.ulaval.ca\/en\/nouvelles\/conference-gratuite-de-voyage-a-velo-100-000-km-a-velo-du-bresil-a-limoilou-avec-charles-v-lemieux\/"]}]},{"@type":"ImageObject","inLanguage":"en-US","@id":"https:\/\/www.bve.ulaval.ca\/en\/nouvelles\/conference-gratuite-de-voyage-a-velo-100-000-km-a-velo-du-bresil-a-limoilou-avec-charles-v-lemieux\/#primaryimage","url":"https:\/\/www.bve.ulaval.ca\/wp-content\/uploads\/2025\/04\/visuels-bulletins-coop-250x200.jpg","contentUrl":"https:\/\/www.bve.ulaval.ca\/wp-content\/uploads\/2025\/04\/visuels-bulletins-coop-250x200.jpg"},{"@type":"BreadcrumbList","@id":"https:\/\/www.bve.ulaval.ca\/en\/nouvelles\/conference-gratuite-de-voyage-a-velo-100-000-km-a-velo-du-bresil-a-limoilou-avec-charles-v-lemieux\/#breadcrumb","itemListElement":[{"@type":"ListItem","position":1,"name":"Accueil","item":"https:\/\/www.bve.ulaval.ca\/en\/"},{"@type":"ListItem","position":2,"name":"Conf\u00e9rence gratuite de voyage \u00e0 v\u00e9lo: \u00ab100 000 km \u00e0 v\u00e9lo, du Br\u00e9sil \u00e0 Limoilou avec Charles V. Lemieux\u00bb"}]},{"@type":"WebSite","@id":"https:\/\/www.bve.ulaval.ca\/en\/#website","url":"https:\/\/www.bve.ulaval.ca\/en\/","name":"Bureau de la vie \u00e9tudiante","description":"Universit\u00e9 Laval","potentialAction":[{"@type":"SearchAction","target":{"@type":"EntryPoint","urlTemplate":"https:\/\/www.bve.ulaval.ca\/en\/?s={search_term_string}"},"query-input":{"@type":"PropertyValueSpecification","valueRequired":true,"valueName":"search_term_string"}}],"inLanguage":"en-US"},{"@type":"Person","@id":"https:\/\/www.bve.ulaval.ca\/en\/#\/schema\/person\/d02f3d365a7c9bbb76f3fd476b1ce020","name":"Shirley Charles","image":{"@type":"ImageObject","inLanguage":"en-US","@id":"https:\/\/secure.gravatar.com\/avatar\/b5920ff61d14f37c3c5cfad27bbbbe0a51a7935c98b2453a2ed402e47c41b93a?s=96&d=mm&r=g","url":"https:\/\/secure.gravatar.com\/avatar\/b5920ff61d14f37c3c5cfad27bbbbe0a51a7935c98b2453a2ed402e47c41b93a?s=96&d=mm&r=g","contentUrl":"https:\/\/secure.gravatar.com\/avatar\/b5920ff61d14f37c3c5cfad27bbbbe0a51a7935c98b2453a2ed402e47c41b93a?s=96&d=mm&r=g","caption":"Shirley Charles"},"sameAs":["http:\/\/capar77"],"url":"https:\/\/www.bve.ulaval.ca\/en\/author\/shcha20\/"}]}},"_links":{"self":[{"href":"https:\/\/www.bve.ulaval.ca\/en\/wp-json\/wp\/v2\/posts\/170243","targetHints":{"allow":["GET"]}}],"collection":[{"href":"https:\/\/www.bve.ulaval.ca\/en\/wp-json\/wp\/v2\/posts"}],"about":[{"href":"https:\/\/www.bve.ulaval.ca\/en\/wp-json\/wp\/v2\/types\/post"}],"author":[{"embeddable":true,"href":"https:\/\/www.bve.ulaval.ca\/en\/wp-json\/wp\/v2\/users\/39"}],"replies":[{"embeddable":true,"href":"https:\/\/www.bve.ulaval.ca\/en\/wp-json\/wp\/v2\/comments?post=170243"}],"version-history":[{"count":0,"href":"https:\/\/www.bve.ulaval.ca\/en\/wp-json\/wp\/v2\/posts\/170243\/revisions"}],"wp:attachment":[{"href":"https:\/\/www.bve.ulaval.ca\/en\/wp-json\/wp\/v2\/media?parent=170243"}],"wp:term":[{"taxonomy":"category","embeddable":true,"href":"https:\/\/www.bve.ulaval.ca\/en\/wp-json\/wp\/v2\/categories?post=170243"},{"taxonomy":"post_tag","embeddable":true,"href":"https:\/\/www.bve.ulaval.ca\/en\/wp-json\/wp\/v2\/tags?post=170243"}],"curies":[{"name":"wp","href":"https:\/\/api.w.org\/{rel}","templated":true}]}}