{"id":170571,"date":"2025-04-18T09:46:44","date_gmt":"2025-04-18T13:46:44","guid":{"rendered":"https:\/\/www.bve.ulaval.ca\/?p=170571"},"modified":"2025-05-29T11:16:01","modified_gmt":"2025-05-29T15:16:01","slug":"devoilement-des-laureates-et-laureats-du-35e-gala-de-la-vie-etudiante","status":"publish","type":"post","link":"https:\/\/www.bve.ulaval.ca\/en\/nouvelles\/devoilement-des-laureates-et-laureats-du-35e-gala-de-la-vie-etudiante\/","title":{"rendered":"D\u00e9voilement des laur\u00e9ates et laur\u00e9ats du 35e Gala de la vie \u00e9tudiante"},"content":{"rendered":"<p><a href=\"https:\/\/www.bve.ulaval.ca\/wp-content\/uploads\/2025\/05\/photo_groupe_tous_2025.jpg\"><img loading=\"lazy\" decoding=\"async\" width=\"250\" height=\"167\" class=\"size-medium wp-image-170573 alignright\" src=\"https:\/\/www.bve.ulaval.ca\/wp-content\/uploads\/2025\/05\/photo_groupe_tous_2025-250x167.jpg\" alt=\"\" srcset=\"https:\/\/www.bve.ulaval.ca\/wp-content\/uploads\/2025\/05\/photo_groupe_tous_2025-250x167.jpg 250w, https:\/\/www.bve.ulaval.ca\/wp-content\/uploads\/2025\/05\/photo_groupe_tous_2025-700x467.jpg 700w, https:\/\/www.bve.ulaval.ca\/wp-content\/uploads\/2025\/05\/photo_groupe_tous_2025-768x512.jpg 768w, https:\/\/www.bve.ulaval.ca\/wp-content\/uploads\/2025\/05\/photo_groupe_tous_2025-120x80.jpg 120w, https:\/\/www.bve.ulaval.ca\/wp-content\/uploads\/2025\/05\/photo_groupe_tous_2025.jpg 1000w\" sizes=\"auto, (max-width: 250px) 100vw, 250px\" \/><\/a>Le jeudi 17 avril 2025, le Bureau de la vie \u00e9tudiante de l\u2019Universit\u00e9 Laval a honor\u00e9 de nombreux \u00e9tudiantes et \u00e9tudiants \u00e0 l\u2019occasion de la 35<sup>e<\/sup> \u00e9dition du <a href=\"https:\/\/www.bve.ulaval.ca\/reconnaissance-de-l-implication\/gala-de-la-vie-etudiante\/presentation-du-gala\/\">Gala de la vie \u00e9tudiante<\/a>, c\u00e9l\u00e9bration des initiatives parascolaires et h\u00f4te de la finale locale de <a href=\"https:\/\/www.forcesavenir.qc.ca\/\" target=\"_blank\" rel=\"noopener\">Forces AVENIR<\/a>.<\/p>\n<p>Pr\u00e9sent\u00e9 au Th\u00e9\u00e2tre de la Cit\u00e9 universitaire, l\u2019\u00e9v\u00e9nement a r\u00e9uni pr\u00e8s de 350 personnes afin de c\u00e9l\u00e9brer l\u2019engagement des finalistes. Depuis 35 ans, le Gala de la vie \u00e9tudiante met en lumi\u00e8re une rel\u00e8ve dynamique et passionn\u00e9e, active dans divers domaines, \u0153uvrant \u00e0 un environnement o\u00f9 il fait bon vivre, ainsi qu\u2019\u00e0 une soci\u00e9t\u00e9 saine et \u00e9panouie.<\/p>\n<p><strong>Les <\/strong><a href=\"https:\/\/www.bve.ulaval.ca\/reconnaissance-de-l-implication\/gala-de-la-vie-etudiante\/laureats\/laureats-2024-2025\/\"><strong>laur\u00e9ates et laur\u00e9ats<\/strong><\/a><strong> du Gala de la vie \u00e9tudiante sont: <\/strong><\/p>\n<p><strong>Association \u00e9tudiante<br \/>\n<\/strong>Bureau d&#8217;entraide en nutrition<br \/>\nClub d&#8217;Anatomie ULaval<br \/>\nTroupe de th\u00e9\u00e2tre les Treize de l&#8217;Universit\u00e9 Laval<\/p>\n<p><strong>Projet parascolaire<br \/>\n<\/strong>Fromagerie du Campus<br \/>\nH\u00f4pital des Nounours Universit\u00e9 Laval<br \/>\nTyro Tweezers<\/p>\n<p><strong>Personnalit\u00e9<br \/>\n<\/strong>Lorianne Dallaire<br \/>\nEmilia Guillemette<br \/>\nXavier Magny<br \/>\nLeonardo Claudio Mpouma<br \/>\nNidger Ferdinand Judson Paul<\/p>\n<p><strong>Inspiration<br \/>\n<\/strong>Laurie Champagne<\/p>\n<p><strong>Exclamation<br \/>\n<\/strong>\u00c9lise Thiboutot<\/p>\n<hr \/>\n<p>Les candidatures s\u00e9lectionn\u00e9es pour repr\u00e9senter l\u2019Universit\u00e9 Laval au programme universitaire de <a href=\"https:\/\/www.forcesavenir.qc.ca\/\" target=\"_blank\" rel=\"noopener\">Forces AVENIR<\/a> sont:<\/p>\n<p><strong>AVENIR Arts, lettres et culture<br \/>\n<\/strong>Festival du Film \u00c9tudiant de Qu\u00e9bec &#8211; Par-del\u00e0 les horizons<br \/>\nFestival\/Rencontre l&#8217;\u00c9coute<\/p>\n<p><strong>AVENIR Entraide, paix et justice<br \/>\n<\/strong>Club de flag-football de l&#8217;Universit\u00e9 Laval<br \/>\nIng\u00e9nieurs Sans Fronti\u00e8res &#8211; Section Universit\u00e9 Laval<\/p>\n<p><strong>AVENIR \u00c9conomie sociale, entrepreneuriat et affaires<br \/>\n<\/strong>KONOS Technologies inc.<br \/>\nNicoya Coop\u00e9rative de mieux-\u00eatre et de solidarit\u00e9<\/p>\n<p><strong>AVENIR Sant\u00e9 et saines habitudes de vie<br \/>\n<\/strong>Kinovember<br \/>\nPrio<\/p>\n<p><strong>AVENIR Sciences et technologies<br \/>\n<\/strong>RDV en Sciences<br \/>\nHalpie Technologies<\/p>\n<p><strong>AVENIR Soci\u00e9t\u00e9, communications et \u00e9ducation<br \/>\n<\/strong>Pr\u00e9ambule Communication \u00e0 SXSW 2025<br \/>\nGroupe de perfectionnement des habilet\u00e9s clinique Universit\u00e9 Laval \u2013 GPHClip<\/p>\n<p><strong>AVENIR Personnalit\u00e9 1<sup>er<\/sup> CYCLE<br \/>\n<\/strong>Charlie-Rose Boucher<br \/>\nMarc-Antoine Tourville<\/p>\n<p><strong>AVENIR Personnalit\u00e9 2<sup>e<\/sup> et 3<sup>e<\/sup> cycles<br \/>\n<\/strong>Lucile Maxence Marie Berthelot<br \/>\nBianka Huot<\/p>\n<p><strong>AVENIR Personnalit\u00e9 pers\u00e9v\u00e9rante<br \/>\n<\/strong>Joudy Kabouji<strong><br \/>\n<\/strong>No\u00e9mie Lavertu<\/p>\n<p><strong>AVENIR Personnel engag\u00e9<br \/>\n<\/strong>Martin Dub\u00e9<br \/>\nEli Sawadogo<\/p>\n<p>Merci \u00e0 nos pr\u00e9cieux partenaires: le <a href=\"https:\/\/www.ulaval.ca\/notre-universite\/direction-et-gouvernance\/vice-rectorat-aux-etudes-et-aux-affaires-etudiantes\" target=\"_blank\" rel=\"noopener\">Vice-rectorat aux \u00e9tudes et aux affaires \u00e9tudiantes<\/a>, <a href=\"https:\/\/www.lesoleil.com\/\" target=\"_blank\" rel=\"noopener\">Le Soleil<\/a> la <a href=\"https:\/\/www.dprd.ulaval.ca\/\" target=\"_blank\" rel=\"noopener\">Direction de la philanthropie et des relations avec les dipl\u00f4m\u00e9es et dipl\u00f4m\u00e9s<\/a>, l\u2019<a href=\"https:\/\/www.aelies.ulaval.ca\/\" target=\"_blank\" rel=\"noopener\">A\u00c9LI\u00c9S<\/a>, la <a href=\"https:\/\/cadeul.com\/\" target=\"_blank\" rel=\"noopener\">CADEUL<\/a>, la <a href=\"https:\/\/www.fmed.ulaval.ca\/accueil\" target=\"_blank\" rel=\"noopener\">Facult\u00e9 de m\u00e9decine<\/a>, la <a href=\"https:\/\/www.fss.ulaval.ca\/\" target=\"_blank\" rel=\"noopener\">Facult\u00e9 des sciences sociales<\/a>, la <a href=\"https:\/\/www.fesp.ulaval.ca\/\" target=\"_blank\" rel=\"noopener\">Facult\u00e9 des \u00e9tudes sup\u00e9rieures et postdoctorales<\/a> et la <a href=\"https:\/\/www.fsa.ulaval.ca\/\" target=\"_blank\" rel=\"noopener\">Facult\u00e9 des sciences de l\u2019administration<\/a>.<\/p>\n","protected":false},"excerpt":{"rendered":"<p>Le jeudi 17 avril 2025, le Bureau de la vie \u00e9tudiante de l\u2019Universit\u00e9 Laval a honor\u00e9 de nombreux \u00e9tudiantes et \u00e9tudiants \u00e0 l\u2019occasion de la 35e \u00e9dition du Gala de la vie \u00e9tudiante, c\u00e9l\u00e9bration des initiatives parascolaires et h\u00f4te de la finale locale de Forces AVENIR. Pr\u00e9sent\u00e9 au Th\u00e9\u00e2tre de la Cit\u00e9 universitaire, l\u2019\u00e9v\u00e9nement a [&hellip;]<\/p>\n","protected":false},"author":45,"featured_media":0,"comment_status":"closed","ping_status":"closed","sticky":false,"template":"","format":"standard","meta":{"_acf_changed":false,"footnotes":""},"categories":[4,56],"tags":[],"class_list":["post-170571","post","type-post","status-publish","format-standard","hentry","category-nouvelles","category-nouvelles-reconnaissance-de-l-implication"],"acf":[],"yoast_head":"<!-- This site is optimized with the Yoast SEO plugin v27.5 - https:\/\/yoast.com\/product\/yoast-seo-wordpress\/ -->\n<title>D\u00e9voilement des laur\u00e9ates et laur\u00e9ats du 35e Gala de la vie \u00e9tudiante | Bureau de la vie \u00e9tudiante<\/title>\n<meta name=\"robots\" content=\"index, follow, max-snippet:-1, max-image-preview:large, max-video-preview:-1\" \/>\n<link rel=\"canonical\" href=\"https:\/\/www.bve.ulaval.ca\/en\/nouvelles\/devoilement-des-laureates-et-laureats-du-35e-gala-de-la-vie-etudiante\/\" \/>\n<meta property=\"og:locale\" content=\"en_US\" \/>\n<meta property=\"og:type\" content=\"article\" \/>\n<meta property=\"og:title\" content=\"D\u00e9voilement des laur\u00e9ates et laur\u00e9ats du 35e Gala de la vie \u00e9tudiante | Bureau de la vie \u00e9tudiante\" \/>\n<meta property=\"og:description\" content=\"Le jeudi 17 avril 2025, le Bureau de la vie \u00e9tudiante de l\u2019Universit\u00e9 Laval a honor\u00e9 de nombreux \u00e9tudiantes et \u00e9tudiants \u00e0 l\u2019occasion de la 35e \u00e9dition du Gala de la vie \u00e9tudiante, c\u00e9l\u00e9bration des initiatives parascolaires et h\u00f4te de la finale locale de Forces AVENIR. Pr\u00e9sent\u00e9 au Th\u00e9\u00e2tre de la Cit\u00e9 universitaire, l\u2019\u00e9v\u00e9nement a [&hellip;]\" \/>\n<meta property=\"og:url\" content=\"https:\/\/www.bve.ulaval.ca\/en\/nouvelles\/devoilement-des-laureates-et-laureats-du-35e-gala-de-la-vie-etudiante\/\" \/>\n<meta property=\"og:site_name\" content=\"Bureau de la vie \u00e9tudiante\" \/>\n<meta property=\"article:publisher\" content=\"https:\/\/www.facebook.com\/BVEvieetudiante\" \/>\n<meta property=\"article:published_time\" content=\"2025-04-18T13:46:44+00:00\" \/>\n<meta property=\"article:modified_time\" content=\"2025-05-29T15:16:01+00:00\" \/>\n<meta property=\"og:image\" content=\"https:\/\/www.bve.ulaval.ca\/wp-content\/uploads\/2025\/05\/photo_groupe_tous_2025.jpg\" \/>\n\t<meta property=\"og:image:width\" content=\"1000\" \/>\n\t<meta property=\"og:image:height\" content=\"667\" \/>\n\t<meta property=\"og:image:type\" content=\"image\/jpeg\" \/>\n<meta name=\"author\" content=\"J\u00e9r\u00e9my Beauchesne\" \/>\n<meta name=\"twitter:label1\" content=\"Written by\" \/>\n\t<meta name=\"twitter:data1\" content=\"J\u00e9r\u00e9my Beauchesne\" \/>\n\t<meta name=\"twitter:label2\" content=\"Est. reading time\" \/>\n\t<meta name=\"twitter:data2\" content=\"3 minutes\" \/>\n<script type=\"application\/ld+json\" class=\"yoast-schema-graph\">{\"@context\":\"https:\\\/\\\/schema.org\",\"@graph\":[{\"@type\":\"Article\",\"@id\":\"https:\\\/\\\/www.bve.ulaval.ca\\\/en\\\/nouvelles\\\/devoilement-des-laureates-et-laureats-du-35e-gala-de-la-vie-etudiante\\\/#article\",\"isPartOf\":{\"@id\":\"https:\\\/\\\/www.bve.ulaval.ca\\\/en\\\/nouvelles\\\/devoilement-des-laureates-et-laureats-du-35e-gala-de-la-vie-etudiante\\\/\"},\"author\":{\"name\":\"J\u00e9r\u00e9my Beauchesne\",\"@id\":\"https:\\\/\\\/www.bve.ulaval.ca\\\/en\\\/#\\\/schema\\\/person\\\/3f548ee92b3fa4cbf656d1edd48cfc1e\"},\"headline\":\"D\u00e9voilement des laur\u00e9ates et laur\u00e9ats du 35e Gala de la vie \u00e9tudiante\",\"datePublished\":\"2025-04-18T13:46:44+00:00\",\"dateModified\":\"2025-05-29T15:16:01+00:00\",\"mainEntityOfPage\":{\"@id\":\"https:\\\/\\\/www.bve.ulaval.ca\\\/en\\\/nouvelles\\\/devoilement-des-laureates-et-laureats-du-35e-gala-de-la-vie-etudiante\\\/\"},\"wordCount\":413,\"image\":{\"@id\":\"https:\\\/\\\/www.bve.ulaval.ca\\\/en\\\/nouvelles\\\/devoilement-des-laureates-et-laureats-du-35e-gala-de-la-vie-etudiante\\\/#primaryimage\"},\"thumbnailUrl\":\"https:\\\/\\\/www.bve.ulaval.ca\\\/wp-content\\\/uploads\\\/2025\\\/05\\\/photo_groupe_tous_2025-250x167.jpg\",\"articleSection\":[\"Nouvelles\",\"Nouvelles - Reconnaissance de l'implication\"],\"inLanguage\":\"en-US\"},{\"@type\":\"WebPage\",\"@id\":\"https:\\\/\\\/www.bve.ulaval.ca\\\/en\\\/nouvelles\\\/devoilement-des-laureates-et-laureats-du-35e-gala-de-la-vie-etudiante\\\/\",\"url\":\"https:\\\/\\\/www.bve.ulaval.ca\\\/en\\\/nouvelles\\\/devoilement-des-laureates-et-laureats-du-35e-gala-de-la-vie-etudiante\\\/\",\"name\":\"D\u00e9voilement des laur\u00e9ates et laur\u00e9ats du 35e Gala de la vie \u00e9tudiante | Bureau de la vie \u00e9tudiante\",\"isPartOf\":{\"@id\":\"https:\\\/\\\/www.bve.ulaval.ca\\\/en\\\/#website\"},\"primaryImageOfPage\":{\"@id\":\"https:\\\/\\\/www.bve.ulaval.ca\\\/en\\\/nouvelles\\\/devoilement-des-laureates-et-laureats-du-35e-gala-de-la-vie-etudiante\\\/#primaryimage\"},\"image\":{\"@id\":\"https:\\\/\\\/www.bve.ulaval.ca\\\/en\\\/nouvelles\\\/devoilement-des-laureates-et-laureats-du-35e-gala-de-la-vie-etudiante\\\/#primaryimage\"},\"thumbnailUrl\":\"https:\\\/\\\/www.bve.ulaval.ca\\\/wp-content\\\/uploads\\\/2025\\\/05\\\/photo_groupe_tous_2025-250x167.jpg\",\"datePublished\":\"2025-04-18T13:46:44+00:00\",\"dateModified\":\"2025-05-29T15:16:01+00:00\",\"author\":{\"@id\":\"https:\\\/\\\/www.bve.ulaval.ca\\\/en\\\/#\\\/schema\\\/person\\\/3f548ee92b3fa4cbf656d1edd48cfc1e\"},\"breadcrumb\":{\"@id\":\"https:\\\/\\\/www.bve.ulaval.ca\\\/en\\\/nouvelles\\\/devoilement-des-laureates-et-laureats-du-35e-gala-de-la-vie-etudiante\\\/#breadcrumb\"},\"inLanguage\":\"en-US\",\"potentialAction\":[{\"@type\":\"ReadAction\",\"target\":[\"https:\\\/\\\/www.bve.ulaval.ca\\\/en\\\/nouvelles\\\/devoilement-des-laureates-et-laureats-du-35e-gala-de-la-vie-etudiante\\\/\"]}]},{\"@type\":\"ImageObject\",\"inLanguage\":\"en-US\",\"@id\":\"https:\\\/\\\/www.bve.ulaval.ca\\\/en\\\/nouvelles\\\/devoilement-des-laureates-et-laureats-du-35e-gala-de-la-vie-etudiante\\\/#primaryimage\",\"url\":\"https:\\\/\\\/www.bve.ulaval.ca\\\/wp-content\\\/uploads\\\/2025\\\/05\\\/photo_groupe_tous_2025-250x167.jpg\",\"contentUrl\":\"https:\\\/\\\/www.bve.ulaval.ca\\\/wp-content\\\/uploads\\\/2025\\\/05\\\/photo_groupe_tous_2025-250x167.jpg\"},{\"@type\":\"BreadcrumbList\",\"@id\":\"https:\\\/\\\/www.bve.ulaval.ca\\\/en\\\/nouvelles\\\/devoilement-des-laureates-et-laureats-du-35e-gala-de-la-vie-etudiante\\\/#breadcrumb\",\"itemListElement\":[{\"@type\":\"ListItem\",\"position\":1,\"name\":\"Accueil\",\"item\":\"https:\\\/\\\/www.bve.ulaval.ca\\\/en\\\/\"},{\"@type\":\"ListItem\",\"position\":2,\"name\":\"D\u00e9voilement des laur\u00e9ates et laur\u00e9ats du 35e Gala de la vie \u00e9tudiante\"}]},{\"@type\":\"WebSite\",\"@id\":\"https:\\\/\\\/www.bve.ulaval.ca\\\/en\\\/#website\",\"url\":\"https:\\\/\\\/www.bve.ulaval.ca\\\/en\\\/\",\"name\":\"Bureau de la vie \u00e9tudiante\",\"description\":\"Universit\u00e9 Laval\",\"potentialAction\":[{\"@type\":\"SearchAction\",\"target\":{\"@type\":\"EntryPoint\",\"urlTemplate\":\"https:\\\/\\\/www.bve.ulaval.ca\\\/en\\\/?s={search_term_string}\"},\"query-input\":{\"@type\":\"PropertyValueSpecification\",\"valueRequired\":true,\"valueName\":\"search_term_string\"}}],\"inLanguage\":\"en-US\"},{\"@type\":\"Person\",\"@id\":\"https:\\\/\\\/www.bve.ulaval.ca\\\/en\\\/#\\\/schema\\\/person\\\/3f548ee92b3fa4cbf656d1edd48cfc1e\",\"name\":\"J\u00e9r\u00e9my Beauchesne\",\"image\":{\"@type\":\"ImageObject\",\"inLanguage\":\"en-US\",\"@id\":\"https:\\\/\\\/secure.gravatar.com\\\/avatar\\\/e6ef1d0d7ddb07238de483a791e91ad81a1a6966eb01865da99e561752d5eb7c?s=96&d=mm&r=g\",\"url\":\"https:\\\/\\\/secure.gravatar.com\\\/avatar\\\/e6ef1d0d7ddb07238de483a791e91ad81a1a6966eb01865da99e561752d5eb7c?s=96&d=mm&r=g\",\"contentUrl\":\"https:\\\/\\\/secure.gravatar.com\\\/avatar\\\/e6ef1d0d7ddb07238de483a791e91ad81a1a6966eb01865da99e561752d5eb7c?s=96&d=mm&r=g\",\"caption\":\"J\u00e9r\u00e9my Beauchesne\"},\"url\":\"https:\\\/\\\/www.bve.ulaval.ca\\\/en\\\/author\\\/jebea182\\\/\"}]}<\/script>\n<!-- \/ Yoast SEO plugin. -->","yoast_head_json":{"title":"D\u00e9voilement des laur\u00e9ates et laur\u00e9ats du 35e Gala de la vie \u00e9tudiante | Bureau de la vie \u00e9tudiante","robots":{"index":"index","follow":"follow","max-snippet":"max-snippet:-1","max-image-preview":"max-image-preview:large","max-video-preview":"max-video-preview:-1"},"canonical":"https:\/\/www.bve.ulaval.ca\/en\/nouvelles\/devoilement-des-laureates-et-laureats-du-35e-gala-de-la-vie-etudiante\/","og_locale":"en_US","og_type":"article","og_title":"D\u00e9voilement des laur\u00e9ates et laur\u00e9ats du 35e Gala de la vie \u00e9tudiante | Bureau de la vie \u00e9tudiante","og_description":"Le jeudi 17 avril 2025, le Bureau de la vie \u00e9tudiante de l\u2019Universit\u00e9 Laval a honor\u00e9 de nombreux \u00e9tudiantes et \u00e9tudiants \u00e0 l\u2019occasion de la 35e \u00e9dition du Gala de la vie \u00e9tudiante, c\u00e9l\u00e9bration des initiatives parascolaires et h\u00f4te de la finale locale de Forces AVENIR. Pr\u00e9sent\u00e9 au Th\u00e9\u00e2tre de la Cit\u00e9 universitaire, l\u2019\u00e9v\u00e9nement a [&hellip;]","og_url":"https:\/\/www.bve.ulaval.ca\/en\/nouvelles\/devoilement-des-laureates-et-laureats-du-35e-gala-de-la-vie-etudiante\/","og_site_name":"Bureau de la vie \u00e9tudiante","article_publisher":"https:\/\/www.facebook.com\/BVEvieetudiante","article_published_time":"2025-04-18T13:46:44+00:00","article_modified_time":"2025-05-29T15:16:01+00:00","og_image":[{"width":1000,"height":667,"url":"https:\/\/www.bve.ulaval.ca\/wp-content\/uploads\/2025\/05\/photo_groupe_tous_2025.jpg","type":"image\/jpeg"}],"author":"J\u00e9r\u00e9my Beauchesne","twitter_misc":{"Written by":"J\u00e9r\u00e9my Beauchesne","Est. reading time":"3 minutes"},"schema":{"@context":"https:\/\/schema.org","@graph":[{"@type":"Article","@id":"https:\/\/www.bve.ulaval.ca\/en\/nouvelles\/devoilement-des-laureates-et-laureats-du-35e-gala-de-la-vie-etudiante\/#article","isPartOf":{"@id":"https:\/\/www.bve.ulaval.ca\/en\/nouvelles\/devoilement-des-laureates-et-laureats-du-35e-gala-de-la-vie-etudiante\/"},"author":{"name":"J\u00e9r\u00e9my Beauchesne","@id":"https:\/\/www.bve.ulaval.ca\/en\/#\/schema\/person\/3f548ee92b3fa4cbf656d1edd48cfc1e"},"headline":"D\u00e9voilement des laur\u00e9ates et laur\u00e9ats du 35e Gala de la vie \u00e9tudiante","datePublished":"2025-04-18T13:46:44+00:00","dateModified":"2025-05-29T15:16:01+00:00","mainEntityOfPage":{"@id":"https:\/\/www.bve.ulaval.ca\/en\/nouvelles\/devoilement-des-laureates-et-laureats-du-35e-gala-de-la-vie-etudiante\/"},"wordCount":413,"image":{"@id":"https:\/\/www.bve.ulaval.ca\/en\/nouvelles\/devoilement-des-laureates-et-laureats-du-35e-gala-de-la-vie-etudiante\/#primaryimage"},"thumbnailUrl":"https:\/\/www.bve.ulaval.ca\/wp-content\/uploads\/2025\/05\/photo_groupe_tous_2025-250x167.jpg","articleSection":["Nouvelles","Nouvelles - Reconnaissance de l'implication"],"inLanguage":"en-US"},{"@type":"WebPage","@id":"https:\/\/www.bve.ulaval.ca\/en\/nouvelles\/devoilement-des-laureates-et-laureats-du-35e-gala-de-la-vie-etudiante\/","url":"https:\/\/www.bve.ulaval.ca\/en\/nouvelles\/devoilement-des-laureates-et-laureats-du-35e-gala-de-la-vie-etudiante\/","name":"D\u00e9voilement des laur\u00e9ates et laur\u00e9ats du 35e Gala de la vie \u00e9tudiante | Bureau de la vie \u00e9tudiante","isPartOf":{"@id":"https:\/\/www.bve.ulaval.ca\/en\/#website"},"primaryImageOfPage":{"@id":"https:\/\/www.bve.ulaval.ca\/en\/nouvelles\/devoilement-des-laureates-et-laureats-du-35e-gala-de-la-vie-etudiante\/#primaryimage"},"image":{"@id":"https:\/\/www.bve.ulaval.ca\/en\/nouvelles\/devoilement-des-laureates-et-laureats-du-35e-gala-de-la-vie-etudiante\/#primaryimage"},"thumbnailUrl":"https:\/\/www.bve.ulaval.ca\/wp-content\/uploads\/2025\/05\/photo_groupe_tous_2025-250x167.jpg","datePublished":"2025-04-18T13:46:44+00:00","dateModified":"2025-05-29T15:16:01+00:00","author":{"@id":"https:\/\/www.bve.ulaval.ca\/en\/#\/schema\/person\/3f548ee92b3fa4cbf656d1edd48cfc1e"},"breadcrumb":{"@id":"https:\/\/www.bve.ulaval.ca\/en\/nouvelles\/devoilement-des-laureates-et-laureats-du-35e-gala-de-la-vie-etudiante\/#breadcrumb"},"inLanguage":"en-US","potentialAction":[{"@type":"ReadAction","target":["https:\/\/www.bve.ulaval.ca\/en\/nouvelles\/devoilement-des-laureates-et-laureats-du-35e-gala-de-la-vie-etudiante\/"]}]},{"@type":"ImageObject","inLanguage":"en-US","@id":"https:\/\/www.bve.ulaval.ca\/en\/nouvelles\/devoilement-des-laureates-et-laureats-du-35e-gala-de-la-vie-etudiante\/#primaryimage","url":"https:\/\/www.bve.ulaval.ca\/wp-content\/uploads\/2025\/05\/photo_groupe_tous_2025-250x167.jpg","contentUrl":"https:\/\/www.bve.ulaval.ca\/wp-content\/uploads\/2025\/05\/photo_groupe_tous_2025-250x167.jpg"},{"@type":"BreadcrumbList","@id":"https:\/\/www.bve.ulaval.ca\/en\/nouvelles\/devoilement-des-laureates-et-laureats-du-35e-gala-de-la-vie-etudiante\/#breadcrumb","itemListElement":[{"@type":"ListItem","position":1,"name":"Accueil","item":"https:\/\/www.bve.ulaval.ca\/en\/"},{"@type":"ListItem","position":2,"name":"D\u00e9voilement des laur\u00e9ates et laur\u00e9ats du 35e Gala de la vie \u00e9tudiante"}]},{"@type":"WebSite","@id":"https:\/\/www.bve.ulaval.ca\/en\/#website","url":"https:\/\/www.bve.ulaval.ca\/en\/","name":"Bureau de la vie \u00e9tudiante","description":"Universit\u00e9 Laval","potentialAction":[{"@type":"SearchAction","target":{"@type":"EntryPoint","urlTemplate":"https:\/\/www.bve.ulaval.ca\/en\/?s={search_term_string}"},"query-input":{"@type":"PropertyValueSpecification","valueRequired":true,"valueName":"search_term_string"}}],"inLanguage":"en-US"},{"@type":"Person","@id":"https:\/\/www.bve.ulaval.ca\/en\/#\/schema\/person\/3f548ee92b3fa4cbf656d1edd48cfc1e","name":"J\u00e9r\u00e9my Beauchesne","image":{"@type":"ImageObject","inLanguage":"en-US","@id":"https:\/\/secure.gravatar.com\/avatar\/e6ef1d0d7ddb07238de483a791e91ad81a1a6966eb01865da99e561752d5eb7c?s=96&d=mm&r=g","url":"https:\/\/secure.gravatar.com\/avatar\/e6ef1d0d7ddb07238de483a791e91ad81a1a6966eb01865da99e561752d5eb7c?s=96&d=mm&r=g","contentUrl":"https:\/\/secure.gravatar.com\/avatar\/e6ef1d0d7ddb07238de483a791e91ad81a1a6966eb01865da99e561752d5eb7c?s=96&d=mm&r=g","caption":"J\u00e9r\u00e9my Beauchesne"},"url":"https:\/\/www.bve.ulaval.ca\/en\/author\/jebea182\/"}]}},"_links":{"self":[{"href":"https:\/\/www.bve.ulaval.ca\/en\/wp-json\/wp\/v2\/posts\/170571","targetHints":{"allow":["GET"]}}],"collection":[{"href":"https:\/\/www.bve.ulaval.ca\/en\/wp-json\/wp\/v2\/posts"}],"about":[{"href":"https:\/\/www.bve.ulaval.ca\/en\/wp-json\/wp\/v2\/types\/post"}],"author":[{"embeddable":true,"href":"https:\/\/www.bve.ulaval.ca\/en\/wp-json\/wp\/v2\/users\/45"}],"replies":[{"embeddable":true,"href":"https:\/\/www.bve.ulaval.ca\/en\/wp-json\/wp\/v2\/comments?post=170571"}],"version-history":[{"count":0,"href":"https:\/\/www.bve.ulaval.ca\/en\/wp-json\/wp\/v2\/posts\/170571\/revisions"}],"wp:attachment":[{"href":"https:\/\/www.bve.ulaval.ca\/en\/wp-json\/wp\/v2\/media?parent=170571"}],"wp:term":[{"taxonomy":"category","embeddable":true,"href":"https:\/\/www.bve.ulaval.ca\/en\/wp-json\/wp\/v2\/categories?post=170571"},{"taxonomy":"post_tag","embeddable":true,"href":"https:\/\/www.bve.ulaval.ca\/en\/wp-json\/wp\/v2\/tags?post=170571"}],"curies":[{"name":"wp","href":"https:\/\/api.w.org\/{rel}","templated":true}]}}