{"id":171209,"date":"2025-09-26T10:52:31","date_gmt":"2025-09-26T14:52:31","guid":{"rendered":"https:\/\/www.bve.ulaval.ca\/?p=171209"},"modified":"2025-09-26T10:52:43","modified_gmt":"2025-09-26T14:52:43","slug":"recrutement-de-membres-amnistie-internationale","status":"publish","type":"post","link":"https:\/\/www.bve.ulaval.ca\/en\/nouvelles\/recrutement-de-membres-amnistie-internationale\/","title":{"rendered":"Recrutement de membres &#8211; Amnistie internationale"},"content":{"rendered":"<p><a href=\"https:\/\/www.bve.ulaval.ca\/wp-content\/uploads\/2025\/09\/amnistie.jpg\"><img loading=\"lazy\" decoding=\"async\" class=\"alignright wp-image-171210 size-medium\" src=\"https:\/\/www.bve.ulaval.ca\/wp-content\/uploads\/2025\/09\/amnistie-250x200.jpg\" alt=\"\" width=\"250\" height=\"200\" srcset=\"https:\/\/www.bve.ulaval.ca\/wp-content\/uploads\/2025\/09\/amnistie-250x200.jpg 250w, https:\/\/www.bve.ulaval.ca\/wp-content\/uploads\/2025\/09\/amnistie-700x560.jpg 700w, https:\/\/www.bve.ulaval.ca\/wp-content\/uploads\/2025\/09\/amnistie-768x614.jpg 768w, https:\/\/www.bve.ulaval.ca\/wp-content\/uploads\/2025\/09\/amnistie-120x96.jpg 120w, https:\/\/www.bve.ulaval.ca\/wp-content\/uploads\/2025\/09\/amnistie.jpg 1293w\" sizes=\"auto, (max-width: 250px) 100vw, 250px\" \/><\/a>Vous souhaitez d\u00e9fendre les droits humains partout dans le monde, tout en agissant concr\u00e8tement dans votre communaut\u00e9 universitaire? Amnistie internationale est \u00e0 la recherche de nouvelles personnes membres pour renforcer son \u00e9quipe \u00e9tudiante!<\/p>\n<p>En vous impliquant, vous pourrez:<\/p>\n<ul style=\"list-style-type: disc;\">\n<li>Participer \u00e0 des campagnes, \u00e9v\u00e9nements et actions urgentes<\/li>\n<li>Contribuer \u00e0 la justice, l\u2019\u00e9galit\u00e9 et la libert\u00e9<\/li>\n<li>Rejoindre un mouvement international reconnu<\/li>\n<li>Agir localement tout en ayant un impact global<\/li>\n<\/ul>\n<p>Rejoignez-les en remplissant le <a href=\"https:\/\/forms.gle\/dAVfPzPF85DtbSrj8\" target=\"_blank\" rel=\"noopener\">formulaire<\/a> pr\u00e9vu \u00e0 cet effet. Vous pouvez \u00e9galement les rencontrer \u00e0 leurs kiosques sur le campus et les suivre sur <a href=\"https:\/\/www.instagram.com\/amnistie_ul\/\" target=\"_blank\" rel=\"noopener\">Instagram<\/a> ou encore en scannant le code QR sur leurs affiches sur les babillards universitaires!<\/p>\n<p>Ensemble, faites de votre Universit\u00e9 un milieu engag\u00e9, solidaire et tourn\u00e9 vers la d\u00e9fense des droits humains!<\/p>\n","protected":false},"excerpt":{"rendered":"<p>Vous souhaitez d\u00e9fendre les droits humains partout dans le monde, tout en agissant concr\u00e8tement dans votre communaut\u00e9 universitaire? Amnistie internationale est \u00e0 la recherche de nouvelles personnes membres pour renforcer son \u00e9quipe \u00e9tudiante! En vous impliquant, vous pourrez: Participer \u00e0 des campagnes, \u00e9v\u00e9nements et actions urgentes Contribuer \u00e0 la justice, l\u2019\u00e9galit\u00e9 et la libert\u00e9 Rejoindre [&hellip;]<\/p>\n","protected":false},"author":39,"featured_media":0,"comment_status":"closed","ping_status":"closed","sticky":false,"template":"","format":"standard","meta":{"_acf_changed":false,"footnotes":""},"categories":[4,53],"tags":[],"class_list":["post-171209","post","type-post","status-publish","format-standard","hentry","category-nouvelles","category-nouvelles-associations-etudiantes"],"acf":[],"yoast_head":"<!-- This site is optimized with the Yoast SEO plugin v27.5 - https:\/\/yoast.com\/product\/yoast-seo-wordpress\/ -->\n<title>Recrutement de membres - Amnistie internationale | Bureau de la vie \u00e9tudiante<\/title>\n<meta name=\"robots\" content=\"index, follow, max-snippet:-1, max-image-preview:large, max-video-preview:-1\" \/>\n<link rel=\"canonical\" href=\"https:\/\/www.bve.ulaval.ca\/en\/nouvelles\/recrutement-de-membres-amnistie-internationale\/\" \/>\n<meta property=\"og:locale\" content=\"en_US\" \/>\n<meta property=\"og:type\" content=\"article\" \/>\n<meta property=\"og:title\" content=\"Recrutement de membres - Amnistie internationale | Bureau de la vie \u00e9tudiante\" \/>\n<meta property=\"og:description\" content=\"Vous souhaitez d\u00e9fendre les droits humains partout dans le monde, tout en agissant concr\u00e8tement dans votre communaut\u00e9 universitaire? Amnistie internationale est \u00e0 la recherche de nouvelles personnes membres pour renforcer son \u00e9quipe \u00e9tudiante! En vous impliquant, vous pourrez: Participer \u00e0 des campagnes, \u00e9v\u00e9nements et actions urgentes Contribuer \u00e0 la justice, l\u2019\u00e9galit\u00e9 et la libert\u00e9 Rejoindre [&hellip;]\" \/>\n<meta property=\"og:url\" content=\"https:\/\/www.bve.ulaval.ca\/en\/nouvelles\/recrutement-de-membres-amnistie-internationale\/\" \/>\n<meta property=\"og:site_name\" content=\"Bureau de la vie \u00e9tudiante\" \/>\n<meta property=\"article:publisher\" content=\"https:\/\/www.facebook.com\/BVEvieetudiante\" \/>\n<meta property=\"article:published_time\" content=\"2025-09-26T14:52:31+00:00\" \/>\n<meta property=\"article:modified_time\" content=\"2025-09-26T14:52:43+00:00\" \/>\n<meta property=\"og:image\" content=\"https:\/\/www.bve.ulaval.ca\/wp-content\/uploads\/2025\/09\/amnistie.jpg\" \/>\n\t<meta property=\"og:image:width\" content=\"1293\" \/>\n\t<meta property=\"og:image:height\" content=\"1034\" \/>\n\t<meta property=\"og:image:type\" content=\"image\/jpeg\" \/>\n<meta name=\"author\" content=\"Shirley Charles\" \/>\n<meta name=\"twitter:label1\" content=\"Written by\" \/>\n\t<meta name=\"twitter:data1\" content=\"Shirley Charles\" \/>\n\t<meta name=\"twitter:label2\" content=\"Est. reading time\" \/>\n\t<meta name=\"twitter:data2\" content=\"1 minute\" \/>\n<script type=\"application\/ld+json\" class=\"yoast-schema-graph\">{\"@context\":\"https:\\\/\\\/schema.org\",\"@graph\":[{\"@type\":\"Article\",\"@id\":\"https:\\\/\\\/www.bve.ulaval.ca\\\/en\\\/nouvelles\\\/recrutement-de-membres-amnistie-internationale\\\/#article\",\"isPartOf\":{\"@id\":\"https:\\\/\\\/www.bve.ulaval.ca\\\/en\\\/nouvelles\\\/recrutement-de-membres-amnistie-internationale\\\/\"},\"author\":{\"name\":\"Shirley Charles\",\"@id\":\"https:\\\/\\\/www.bve.ulaval.ca\\\/en\\\/#\\\/schema\\\/person\\\/d02f3d365a7c9bbb76f3fd476b1ce020\"},\"headline\":\"Recrutement de membres &#8211; Amnistie internationale\",\"datePublished\":\"2025-09-26T14:52:31+00:00\",\"dateModified\":\"2025-09-26T14:52:43+00:00\",\"mainEntityOfPage\":{\"@id\":\"https:\\\/\\\/www.bve.ulaval.ca\\\/en\\\/nouvelles\\\/recrutement-de-membres-amnistie-internationale\\\/\"},\"wordCount\":130,\"image\":{\"@id\":\"https:\\\/\\\/www.bve.ulaval.ca\\\/en\\\/nouvelles\\\/recrutement-de-membres-amnistie-internationale\\\/#primaryimage\"},\"thumbnailUrl\":\"https:\\\/\\\/www.bve.ulaval.ca\\\/wp-content\\\/uploads\\\/2025\\\/09\\\/amnistie-250x200.jpg\",\"articleSection\":[\"Nouvelles\",\"Nouvelles - Associations \u00e9tudiantes\"],\"inLanguage\":\"en-US\"},{\"@type\":\"WebPage\",\"@id\":\"https:\\\/\\\/www.bve.ulaval.ca\\\/en\\\/nouvelles\\\/recrutement-de-membres-amnistie-internationale\\\/\",\"url\":\"https:\\\/\\\/www.bve.ulaval.ca\\\/en\\\/nouvelles\\\/recrutement-de-membres-amnistie-internationale\\\/\",\"name\":\"Recrutement de membres - Amnistie internationale | Bureau de la vie \u00e9tudiante\",\"isPartOf\":{\"@id\":\"https:\\\/\\\/www.bve.ulaval.ca\\\/en\\\/#website\"},\"primaryImageOfPage\":{\"@id\":\"https:\\\/\\\/www.bve.ulaval.ca\\\/en\\\/nouvelles\\\/recrutement-de-membres-amnistie-internationale\\\/#primaryimage\"},\"image\":{\"@id\":\"https:\\\/\\\/www.bve.ulaval.ca\\\/en\\\/nouvelles\\\/recrutement-de-membres-amnistie-internationale\\\/#primaryimage\"},\"thumbnailUrl\":\"https:\\\/\\\/www.bve.ulaval.ca\\\/wp-content\\\/uploads\\\/2025\\\/09\\\/amnistie-250x200.jpg\",\"datePublished\":\"2025-09-26T14:52:31+00:00\",\"dateModified\":\"2025-09-26T14:52:43+00:00\",\"author\":{\"@id\":\"https:\\\/\\\/www.bve.ulaval.ca\\\/en\\\/#\\\/schema\\\/person\\\/d02f3d365a7c9bbb76f3fd476b1ce020\"},\"breadcrumb\":{\"@id\":\"https:\\\/\\\/www.bve.ulaval.ca\\\/en\\\/nouvelles\\\/recrutement-de-membres-amnistie-internationale\\\/#breadcrumb\"},\"inLanguage\":\"en-US\",\"potentialAction\":[{\"@type\":\"ReadAction\",\"target\":[\"https:\\\/\\\/www.bve.ulaval.ca\\\/en\\\/nouvelles\\\/recrutement-de-membres-amnistie-internationale\\\/\"]}]},{\"@type\":\"ImageObject\",\"inLanguage\":\"en-US\",\"@id\":\"https:\\\/\\\/www.bve.ulaval.ca\\\/en\\\/nouvelles\\\/recrutement-de-membres-amnistie-internationale\\\/#primaryimage\",\"url\":\"https:\\\/\\\/www.bve.ulaval.ca\\\/wp-content\\\/uploads\\\/2025\\\/09\\\/amnistie-250x200.jpg\",\"contentUrl\":\"https:\\\/\\\/www.bve.ulaval.ca\\\/wp-content\\\/uploads\\\/2025\\\/09\\\/amnistie-250x200.jpg\"},{\"@type\":\"BreadcrumbList\",\"@id\":\"https:\\\/\\\/www.bve.ulaval.ca\\\/en\\\/nouvelles\\\/recrutement-de-membres-amnistie-internationale\\\/#breadcrumb\",\"itemListElement\":[{\"@type\":\"ListItem\",\"position\":1,\"name\":\"Accueil\",\"item\":\"https:\\\/\\\/www.bve.ulaval.ca\\\/en\\\/\"},{\"@type\":\"ListItem\",\"position\":2,\"name\":\"Recrutement de membres &#8211; Amnistie internationale\"}]},{\"@type\":\"WebSite\",\"@id\":\"https:\\\/\\\/www.bve.ulaval.ca\\\/en\\\/#website\",\"url\":\"https:\\\/\\\/www.bve.ulaval.ca\\\/en\\\/\",\"name\":\"Bureau de la vie \u00e9tudiante\",\"description\":\"Universit\u00e9 Laval\",\"potentialAction\":[{\"@type\":\"SearchAction\",\"target\":{\"@type\":\"EntryPoint\",\"urlTemplate\":\"https:\\\/\\\/www.bve.ulaval.ca\\\/en\\\/?s={search_term_string}\"},\"query-input\":{\"@type\":\"PropertyValueSpecification\",\"valueRequired\":true,\"valueName\":\"search_term_string\"}}],\"inLanguage\":\"en-US\"},{\"@type\":\"Person\",\"@id\":\"https:\\\/\\\/www.bve.ulaval.ca\\\/en\\\/#\\\/schema\\\/person\\\/d02f3d365a7c9bbb76f3fd476b1ce020\",\"name\":\"Shirley Charles\",\"image\":{\"@type\":\"ImageObject\",\"inLanguage\":\"en-US\",\"@id\":\"https:\\\/\\\/secure.gravatar.com\\\/avatar\\\/b5920ff61d14f37c3c5cfad27bbbbe0a51a7935c98b2453a2ed402e47c41b93a?s=96&d=mm&r=g\",\"url\":\"https:\\\/\\\/secure.gravatar.com\\\/avatar\\\/b5920ff61d14f37c3c5cfad27bbbbe0a51a7935c98b2453a2ed402e47c41b93a?s=96&d=mm&r=g\",\"contentUrl\":\"https:\\\/\\\/secure.gravatar.com\\\/avatar\\\/b5920ff61d14f37c3c5cfad27bbbbe0a51a7935c98b2453a2ed402e47c41b93a?s=96&d=mm&r=g\",\"caption\":\"Shirley Charles\"},\"sameAs\":[\"http:\\\/\\\/capar77\"],\"url\":\"https:\\\/\\\/www.bve.ulaval.ca\\\/en\\\/author\\\/shcha20\\\/\"}]}<\/script>\n<!-- \/ Yoast SEO plugin. -->","yoast_head_json":{"title":"Recrutement de membres - Amnistie internationale | Bureau de la vie \u00e9tudiante","robots":{"index":"index","follow":"follow","max-snippet":"max-snippet:-1","max-image-preview":"max-image-preview:large","max-video-preview":"max-video-preview:-1"},"canonical":"https:\/\/www.bve.ulaval.ca\/en\/nouvelles\/recrutement-de-membres-amnistie-internationale\/","og_locale":"en_US","og_type":"article","og_title":"Recrutement de membres - Amnistie internationale | Bureau de la vie \u00e9tudiante","og_description":"Vous souhaitez d\u00e9fendre les droits humains partout dans le monde, tout en agissant concr\u00e8tement dans votre communaut\u00e9 universitaire? Amnistie internationale est \u00e0 la recherche de nouvelles personnes membres pour renforcer son \u00e9quipe \u00e9tudiante! En vous impliquant, vous pourrez: Participer \u00e0 des campagnes, \u00e9v\u00e9nements et actions urgentes Contribuer \u00e0 la justice, l\u2019\u00e9galit\u00e9 et la libert\u00e9 Rejoindre [&hellip;]","og_url":"https:\/\/www.bve.ulaval.ca\/en\/nouvelles\/recrutement-de-membres-amnistie-internationale\/","og_site_name":"Bureau de la vie \u00e9tudiante","article_publisher":"https:\/\/www.facebook.com\/BVEvieetudiante","article_published_time":"2025-09-26T14:52:31+00:00","article_modified_time":"2025-09-26T14:52:43+00:00","og_image":[{"width":1293,"height":1034,"url":"https:\/\/www.bve.ulaval.ca\/wp-content\/uploads\/2025\/09\/amnistie.jpg","type":"image\/jpeg"}],"author":"Shirley Charles","twitter_misc":{"Written by":"Shirley Charles","Est. reading time":"1 minute"},"schema":{"@context":"https:\/\/schema.org","@graph":[{"@type":"Article","@id":"https:\/\/www.bve.ulaval.ca\/en\/nouvelles\/recrutement-de-membres-amnistie-internationale\/#article","isPartOf":{"@id":"https:\/\/www.bve.ulaval.ca\/en\/nouvelles\/recrutement-de-membres-amnistie-internationale\/"},"author":{"name":"Shirley Charles","@id":"https:\/\/www.bve.ulaval.ca\/en\/#\/schema\/person\/d02f3d365a7c9bbb76f3fd476b1ce020"},"headline":"Recrutement de membres &#8211; Amnistie internationale","datePublished":"2025-09-26T14:52:31+00:00","dateModified":"2025-09-26T14:52:43+00:00","mainEntityOfPage":{"@id":"https:\/\/www.bve.ulaval.ca\/en\/nouvelles\/recrutement-de-membres-amnistie-internationale\/"},"wordCount":130,"image":{"@id":"https:\/\/www.bve.ulaval.ca\/en\/nouvelles\/recrutement-de-membres-amnistie-internationale\/#primaryimage"},"thumbnailUrl":"https:\/\/www.bve.ulaval.ca\/wp-content\/uploads\/2025\/09\/amnistie-250x200.jpg","articleSection":["Nouvelles","Nouvelles - Associations \u00e9tudiantes"],"inLanguage":"en-US"},{"@type":"WebPage","@id":"https:\/\/www.bve.ulaval.ca\/en\/nouvelles\/recrutement-de-membres-amnistie-internationale\/","url":"https:\/\/www.bve.ulaval.ca\/en\/nouvelles\/recrutement-de-membres-amnistie-internationale\/","name":"Recrutement de membres - Amnistie internationale | Bureau de la vie \u00e9tudiante","isPartOf":{"@id":"https:\/\/www.bve.ulaval.ca\/en\/#website"},"primaryImageOfPage":{"@id":"https:\/\/www.bve.ulaval.ca\/en\/nouvelles\/recrutement-de-membres-amnistie-internationale\/#primaryimage"},"image":{"@id":"https:\/\/www.bve.ulaval.ca\/en\/nouvelles\/recrutement-de-membres-amnistie-internationale\/#primaryimage"},"thumbnailUrl":"https:\/\/www.bve.ulaval.ca\/wp-content\/uploads\/2025\/09\/amnistie-250x200.jpg","datePublished":"2025-09-26T14:52:31+00:00","dateModified":"2025-09-26T14:52:43+00:00","author":{"@id":"https:\/\/www.bve.ulaval.ca\/en\/#\/schema\/person\/d02f3d365a7c9bbb76f3fd476b1ce020"},"breadcrumb":{"@id":"https:\/\/www.bve.ulaval.ca\/en\/nouvelles\/recrutement-de-membres-amnistie-internationale\/#breadcrumb"},"inLanguage":"en-US","potentialAction":[{"@type":"ReadAction","target":["https:\/\/www.bve.ulaval.ca\/en\/nouvelles\/recrutement-de-membres-amnistie-internationale\/"]}]},{"@type":"ImageObject","inLanguage":"en-US","@id":"https:\/\/www.bve.ulaval.ca\/en\/nouvelles\/recrutement-de-membres-amnistie-internationale\/#primaryimage","url":"https:\/\/www.bve.ulaval.ca\/wp-content\/uploads\/2025\/09\/amnistie-250x200.jpg","contentUrl":"https:\/\/www.bve.ulaval.ca\/wp-content\/uploads\/2025\/09\/amnistie-250x200.jpg"},{"@type":"BreadcrumbList","@id":"https:\/\/www.bve.ulaval.ca\/en\/nouvelles\/recrutement-de-membres-amnistie-internationale\/#breadcrumb","itemListElement":[{"@type":"ListItem","position":1,"name":"Accueil","item":"https:\/\/www.bve.ulaval.ca\/en\/"},{"@type":"ListItem","position":2,"name":"Recrutement de membres &#8211; Amnistie internationale"}]},{"@type":"WebSite","@id":"https:\/\/www.bve.ulaval.ca\/en\/#website","url":"https:\/\/www.bve.ulaval.ca\/en\/","name":"Bureau de la vie \u00e9tudiante","description":"Universit\u00e9 Laval","potentialAction":[{"@type":"SearchAction","target":{"@type":"EntryPoint","urlTemplate":"https:\/\/www.bve.ulaval.ca\/en\/?s={search_term_string}"},"query-input":{"@type":"PropertyValueSpecification","valueRequired":true,"valueName":"search_term_string"}}],"inLanguage":"en-US"},{"@type":"Person","@id":"https:\/\/www.bve.ulaval.ca\/en\/#\/schema\/person\/d02f3d365a7c9bbb76f3fd476b1ce020","name":"Shirley Charles","image":{"@type":"ImageObject","inLanguage":"en-US","@id":"https:\/\/secure.gravatar.com\/avatar\/b5920ff61d14f37c3c5cfad27bbbbe0a51a7935c98b2453a2ed402e47c41b93a?s=96&d=mm&r=g","url":"https:\/\/secure.gravatar.com\/avatar\/b5920ff61d14f37c3c5cfad27bbbbe0a51a7935c98b2453a2ed402e47c41b93a?s=96&d=mm&r=g","contentUrl":"https:\/\/secure.gravatar.com\/avatar\/b5920ff61d14f37c3c5cfad27bbbbe0a51a7935c98b2453a2ed402e47c41b93a?s=96&d=mm&r=g","caption":"Shirley Charles"},"sameAs":["http:\/\/capar77"],"url":"https:\/\/www.bve.ulaval.ca\/en\/author\/shcha20\/"}]}},"_links":{"self":[{"href":"https:\/\/www.bve.ulaval.ca\/en\/wp-json\/wp\/v2\/posts\/171209","targetHints":{"allow":["GET"]}}],"collection":[{"href":"https:\/\/www.bve.ulaval.ca\/en\/wp-json\/wp\/v2\/posts"}],"about":[{"href":"https:\/\/www.bve.ulaval.ca\/en\/wp-json\/wp\/v2\/types\/post"}],"author":[{"embeddable":true,"href":"https:\/\/www.bve.ulaval.ca\/en\/wp-json\/wp\/v2\/users\/39"}],"replies":[{"embeddable":true,"href":"https:\/\/www.bve.ulaval.ca\/en\/wp-json\/wp\/v2\/comments?post=171209"}],"version-history":[{"count":0,"href":"https:\/\/www.bve.ulaval.ca\/en\/wp-json\/wp\/v2\/posts\/171209\/revisions"}],"wp:attachment":[{"href":"https:\/\/www.bve.ulaval.ca\/en\/wp-json\/wp\/v2\/media?parent=171209"}],"wp:term":[{"taxonomy":"category","embeddable":true,"href":"https:\/\/www.bve.ulaval.ca\/en\/wp-json\/wp\/v2\/categories?post=171209"},{"taxonomy":"post_tag","embeddable":true,"href":"https:\/\/www.bve.ulaval.ca\/en\/wp-json\/wp\/v2\/tags?post=171209"}],"curies":[{"name":"wp","href":"https:\/\/api.w.org\/{rel}","templated":true}]}}