{"id":171289,"date":"2025-10-03T07:28:50","date_gmt":"2025-10-03T11:28:50","guid":{"rendered":"https:\/\/www.bve.ulaval.ca\/?p=171289"},"modified":"2025-10-03T07:28:50","modified_gmt":"2025-10-03T11:28:50","slug":"la-delegation-de-luniversite-laval-pour-la-specque-dulspecque-recrute","status":"publish","type":"post","link":"https:\/\/www.bve.ulaval.ca\/en\/nouvelles\/la-delegation-de-luniversite-laval-pour-la-specque-dulspecque-recrute\/","title":{"rendered":"La D\u00e9l\u00e9gation de l&#8217;Universit\u00e9 Laval pour la SPECQUE (DULSPECQUE) recrute!"},"content":{"rendered":"<p><a href=\"https:\/\/www.bve.ulaval.ca\/wp-content\/uploads\/2025\/10\/specque.jpg\"><img loading=\"lazy\" decoding=\"async\" class=\"alignright wp-image-171290 size-medium\" src=\"https:\/\/www.bve.ulaval.ca\/wp-content\/uploads\/2025\/10\/specque-250x200.jpg\" alt=\"\" width=\"250\" height=\"200\" srcset=\"https:\/\/www.bve.ulaval.ca\/wp-content\/uploads\/2025\/10\/specque-250x200.jpg 250w, https:\/\/www.bve.ulaval.ca\/wp-content\/uploads\/2025\/10\/specque-700x560.jpg 700w, https:\/\/www.bve.ulaval.ca\/wp-content\/uploads\/2025\/10\/specque-768x614.jpg 768w, https:\/\/www.bve.ulaval.ca\/wp-content\/uploads\/2025\/10\/specque-120x96.jpg 120w, https:\/\/www.bve.ulaval.ca\/wp-content\/uploads\/2025\/10\/specque.jpg 1293w\" sizes=\"auto, (max-width: 250px) 100vw, 250px\" \/><\/a>Envie de prendre part \u00e0 la plus grande simulation internationale francophone de l&#8217;Union europ\u00e9enne? Postulez d\u00e8s maintenant pour rejoindre la D\u00e9l\u00e9gation de l&#8217;Universit\u00e9 Laval pour la SPECQUE!<\/p>\n<p>La SPECQUE est une aventure remplie de d\u00e9couvertes, d&#8217;\u00e9changes culturels et de moments m\u00e9morables. Voici ce qui vous y attend:<\/p>\n<ul style=\"list-style-type: disc;\">\n<li>D\u00e9veloppez vos comp\u00e9tences en r\u00e9daction et d\u00e9livrance de discours<\/li>\n<li>Approfondissez vos connaissances sur l&#8217;Union europ\u00e9enne<\/li>\n<li>Plongez dans les m\u00e9caniques propres au Parlement europ\u00e9en et au Conseil de l&#8217;UE<\/li>\n<li>Faites connaissance avec des personnes venant des 4 coins de la francophonie<\/li>\n<\/ul>\n<p>Pour \u00eatre membre de la D\u00e9l\u00e9gation, vous devez:<\/p>\n<ul style=\"list-style-type: disc;\">\n<li>Fr\u00e9quenter l&#8217;Universit\u00e9 Laval durant la session d&#8217;hiver 2026 (statut \u00e9tudiant actif)<\/li>\n<li>\u00catre sur le territoire du Qu\u00e9bec durant l&#8217;hiver et l&#8217;\u00e9t\u00e9 2026 pour participer aux activit\u00e9s de la D\u00e9l\u00e9gation ainsi qu&#8217;aux rencontres 1 fois aux 2 semaines<\/li>\n<li>Avoir entre 18 et 30 ans<\/li>\n<li>\u00catre disponible du 19 au 26 juillet 2026 pour participer \u00e0 la SPECQUE<\/li>\n<\/ul>\n<p>Tout ceci vous int\u00e9resse? Envoyez d\u00e8s maintenant et <strong>avant le 22 octobre 2025<\/strong> votre CV et une lettre de motivation (1 page maximum) \u00e0 <a href=\"mailto:specque@asso.ulaval.ca\" target=\"_blank\" rel=\"noopener\">specque@asso.ulaval.ca<\/a>. Vous trouverez, dans les prochains jours, sur les r\u00e9seaux sociaux plus d&#8217;information sur les diff\u00e9rents r\u00f4les possibles durant la simulation.<\/p>\n<p><strong>Information<\/strong><br \/>\n<a href=\"https:\/\/scontent-sea5-1.cdninstagram.com\/v\/t51.82787-15\/550741786_17948890560010624_8048641529181911908_n.jpg?stp=dst-jpg_e35_tt6&amp;_nc_cat=111&amp;ccb=1-7&amp;_nc_sid=18de74&amp;efg=eyJlZmdfdGFnIjoiRkVFRC5iZXN0X2ltYWdlX3VybGdlbi5DMyJ9&amp;_nc_ohc=CUbfSWtEBh4Q7kNvwGyDqHe&amp;_nc_oc=Adm5cCayaQ9pCG6JujeEa9G2eT_dnfrpjIljiHmSdd9kUR_jPi4t7EFVGF47Iifi92Y&amp;_nc_zt=23&amp;_nc_ht=scontent-sea5-1.cdninstagram.com&amp;edm=ANo9K5cEAAAA&amp;_nc_gid=0bI796xKq5jkUaGSSQI3sw&amp;oh=00_AfeAyT4fqMhJi8352pEL-7vCXYAKctUR4cFqEcrDZtnXhg&amp;oe=68E586B3\" target=\"_blank\" rel=\"noopener\">Instagram<\/a><br \/>\n<a href=\"https:\/\/www.facebook.com\/DULSPECQUE\/\" target=\"_blank\" rel=\"noopener\">Facebook<\/a><br \/>\n<a href=\"https:\/\/www.linkedin.com\/company\/dulspecque\" target=\"_blank\" rel=\"noopener\">LinkedIn<\/a><br \/>\n<a href=\"https:\/\/specque.org\/\" target=\"_blank\" rel=\"noopener\">SPECQUE<\/a><\/p>\n","protected":false},"excerpt":{"rendered":"<p>Envie de prendre part \u00e0 la plus grande simulation internationale francophone de l&#8217;Union europ\u00e9enne? Postulez d\u00e8s maintenant pour rejoindre la D\u00e9l\u00e9gation de l&#8217;Universit\u00e9 Laval pour la SPECQUE! La SPECQUE est une aventure remplie de d\u00e9couvertes, d&#8217;\u00e9changes culturels et de moments m\u00e9morables. Voici ce qui vous y attend: D\u00e9veloppez vos comp\u00e9tences en r\u00e9daction et d\u00e9livrance de [&hellip;]<\/p>\n","protected":false},"author":39,"featured_media":0,"comment_status":"closed","ping_status":"closed","sticky":false,"template":"","format":"standard","meta":{"_acf_changed":false,"footnotes":""},"categories":[4,53],"tags":[],"class_list":["post-171289","post","type-post","status-publish","format-standard","hentry","category-nouvelles","category-nouvelles-associations-etudiantes"],"acf":[],"yoast_head":"<!-- This site is optimized with the Yoast SEO plugin v27.5 - https:\/\/yoast.com\/product\/yoast-seo-wordpress\/ -->\n<title>La D\u00e9l\u00e9gation de l&#039;Universit\u00e9 Laval pour la SPECQUE (DULSPECQUE) recrute! | Bureau de la vie \u00e9tudiante<\/title>\n<meta name=\"robots\" content=\"index, follow, max-snippet:-1, max-image-preview:large, max-video-preview:-1\" \/>\n<link rel=\"canonical\" href=\"https:\/\/www.bve.ulaval.ca\/en\/nouvelles\/la-delegation-de-luniversite-laval-pour-la-specque-dulspecque-recrute\/\" \/>\n<meta property=\"og:locale\" content=\"en_US\" \/>\n<meta property=\"og:type\" content=\"article\" \/>\n<meta property=\"og:title\" content=\"La D\u00e9l\u00e9gation de l&#039;Universit\u00e9 Laval pour la SPECQUE (DULSPECQUE) recrute! | Bureau de la vie \u00e9tudiante\" \/>\n<meta property=\"og:description\" content=\"Envie de prendre part \u00e0 la plus grande simulation internationale francophone de l&#8217;Union europ\u00e9enne? Postulez d\u00e8s maintenant pour rejoindre la D\u00e9l\u00e9gation de l&#8217;Universit\u00e9 Laval pour la SPECQUE! La SPECQUE est une aventure remplie de d\u00e9couvertes, d&#8217;\u00e9changes culturels et de moments m\u00e9morables. Voici ce qui vous y attend: D\u00e9veloppez vos comp\u00e9tences en r\u00e9daction et d\u00e9livrance de [&hellip;]\" \/>\n<meta property=\"og:url\" content=\"https:\/\/www.bve.ulaval.ca\/en\/nouvelles\/la-delegation-de-luniversite-laval-pour-la-specque-dulspecque-recrute\/\" \/>\n<meta property=\"og:site_name\" content=\"Bureau de la vie \u00e9tudiante\" \/>\n<meta property=\"article:publisher\" content=\"https:\/\/www.facebook.com\/BVEvieetudiante\" \/>\n<meta property=\"article:published_time\" content=\"2025-10-03T11:28:50+00:00\" \/>\n<meta property=\"og:image\" content=\"https:\/\/www.bve.ulaval.ca\/wp-content\/uploads\/2025\/10\/specque.jpg\" \/>\n\t<meta property=\"og:image:width\" content=\"1293\" \/>\n\t<meta property=\"og:image:height\" content=\"1034\" \/>\n\t<meta property=\"og:image:type\" content=\"image\/jpeg\" \/>\n<meta name=\"author\" content=\"Shirley Charles\" \/>\n<meta name=\"twitter:label1\" content=\"Written by\" \/>\n\t<meta name=\"twitter:data1\" content=\"Shirley Charles\" \/>\n\t<meta name=\"twitter:label2\" content=\"Est. reading time\" \/>\n\t<meta name=\"twitter:data2\" content=\"2 minutes\" \/>\n<script type=\"application\/ld+json\" class=\"yoast-schema-graph\">{\"@context\":\"https:\\\/\\\/schema.org\",\"@graph\":[{\"@type\":\"Article\",\"@id\":\"https:\\\/\\\/www.bve.ulaval.ca\\\/en\\\/nouvelles\\\/la-delegation-de-luniversite-laval-pour-la-specque-dulspecque-recrute\\\/#article\",\"isPartOf\":{\"@id\":\"https:\\\/\\\/www.bve.ulaval.ca\\\/en\\\/nouvelles\\\/la-delegation-de-luniversite-laval-pour-la-specque-dulspecque-recrute\\\/\"},\"author\":{\"name\":\"Shirley Charles\",\"@id\":\"https:\\\/\\\/www.bve.ulaval.ca\\\/en\\\/#\\\/schema\\\/person\\\/d02f3d365a7c9bbb76f3fd476b1ce020\"},\"headline\":\"La D\u00e9l\u00e9gation de l&#8217;Universit\u00e9 Laval pour la SPECQUE (DULSPECQUE) recrute!\",\"datePublished\":\"2025-10-03T11:28:50+00:00\",\"mainEntityOfPage\":{\"@id\":\"https:\\\/\\\/www.bve.ulaval.ca\\\/en\\\/nouvelles\\\/la-delegation-de-luniversite-laval-pour-la-specque-dulspecque-recrute\\\/\"},\"wordCount\":237,\"image\":{\"@id\":\"https:\\\/\\\/www.bve.ulaval.ca\\\/en\\\/nouvelles\\\/la-delegation-de-luniversite-laval-pour-la-specque-dulspecque-recrute\\\/#primaryimage\"},\"thumbnailUrl\":\"https:\\\/\\\/www.bve.ulaval.ca\\\/wp-content\\\/uploads\\\/2025\\\/10\\\/specque-250x200.jpg\",\"articleSection\":[\"Nouvelles\",\"Nouvelles - Associations \u00e9tudiantes\"],\"inLanguage\":\"en-US\"},{\"@type\":\"WebPage\",\"@id\":\"https:\\\/\\\/www.bve.ulaval.ca\\\/en\\\/nouvelles\\\/la-delegation-de-luniversite-laval-pour-la-specque-dulspecque-recrute\\\/\",\"url\":\"https:\\\/\\\/www.bve.ulaval.ca\\\/en\\\/nouvelles\\\/la-delegation-de-luniversite-laval-pour-la-specque-dulspecque-recrute\\\/\",\"name\":\"La D\u00e9l\u00e9gation de l'Universit\u00e9 Laval pour la SPECQUE (DULSPECQUE) recrute! | Bureau de la vie \u00e9tudiante\",\"isPartOf\":{\"@id\":\"https:\\\/\\\/www.bve.ulaval.ca\\\/en\\\/#website\"},\"primaryImageOfPage\":{\"@id\":\"https:\\\/\\\/www.bve.ulaval.ca\\\/en\\\/nouvelles\\\/la-delegation-de-luniversite-laval-pour-la-specque-dulspecque-recrute\\\/#primaryimage\"},\"image\":{\"@id\":\"https:\\\/\\\/www.bve.ulaval.ca\\\/en\\\/nouvelles\\\/la-delegation-de-luniversite-laval-pour-la-specque-dulspecque-recrute\\\/#primaryimage\"},\"thumbnailUrl\":\"https:\\\/\\\/www.bve.ulaval.ca\\\/wp-content\\\/uploads\\\/2025\\\/10\\\/specque-250x200.jpg\",\"datePublished\":\"2025-10-03T11:28:50+00:00\",\"author\":{\"@id\":\"https:\\\/\\\/www.bve.ulaval.ca\\\/en\\\/#\\\/schema\\\/person\\\/d02f3d365a7c9bbb76f3fd476b1ce020\"},\"breadcrumb\":{\"@id\":\"https:\\\/\\\/www.bve.ulaval.ca\\\/en\\\/nouvelles\\\/la-delegation-de-luniversite-laval-pour-la-specque-dulspecque-recrute\\\/#breadcrumb\"},\"inLanguage\":\"en-US\",\"potentialAction\":[{\"@type\":\"ReadAction\",\"target\":[\"https:\\\/\\\/www.bve.ulaval.ca\\\/en\\\/nouvelles\\\/la-delegation-de-luniversite-laval-pour-la-specque-dulspecque-recrute\\\/\"]}]},{\"@type\":\"ImageObject\",\"inLanguage\":\"en-US\",\"@id\":\"https:\\\/\\\/www.bve.ulaval.ca\\\/en\\\/nouvelles\\\/la-delegation-de-luniversite-laval-pour-la-specque-dulspecque-recrute\\\/#primaryimage\",\"url\":\"https:\\\/\\\/www.bve.ulaval.ca\\\/wp-content\\\/uploads\\\/2025\\\/10\\\/specque-250x200.jpg\",\"contentUrl\":\"https:\\\/\\\/www.bve.ulaval.ca\\\/wp-content\\\/uploads\\\/2025\\\/10\\\/specque-250x200.jpg\"},{\"@type\":\"BreadcrumbList\",\"@id\":\"https:\\\/\\\/www.bve.ulaval.ca\\\/en\\\/nouvelles\\\/la-delegation-de-luniversite-laval-pour-la-specque-dulspecque-recrute\\\/#breadcrumb\",\"itemListElement\":[{\"@type\":\"ListItem\",\"position\":1,\"name\":\"Accueil\",\"item\":\"https:\\\/\\\/www.bve.ulaval.ca\\\/en\\\/\"},{\"@type\":\"ListItem\",\"position\":2,\"name\":\"La D\u00e9l\u00e9gation de l&rsquo;Universit\u00e9 Laval pour la SPECQUE (DULSPECQUE) recrute!\"}]},{\"@type\":\"WebSite\",\"@id\":\"https:\\\/\\\/www.bve.ulaval.ca\\\/en\\\/#website\",\"url\":\"https:\\\/\\\/www.bve.ulaval.ca\\\/en\\\/\",\"name\":\"Bureau de la vie \u00e9tudiante\",\"description\":\"Universit\u00e9 Laval\",\"potentialAction\":[{\"@type\":\"SearchAction\",\"target\":{\"@type\":\"EntryPoint\",\"urlTemplate\":\"https:\\\/\\\/www.bve.ulaval.ca\\\/en\\\/?s={search_term_string}\"},\"query-input\":{\"@type\":\"PropertyValueSpecification\",\"valueRequired\":true,\"valueName\":\"search_term_string\"}}],\"inLanguage\":\"en-US\"},{\"@type\":\"Person\",\"@id\":\"https:\\\/\\\/www.bve.ulaval.ca\\\/en\\\/#\\\/schema\\\/person\\\/d02f3d365a7c9bbb76f3fd476b1ce020\",\"name\":\"Shirley Charles\",\"image\":{\"@type\":\"ImageObject\",\"inLanguage\":\"en-US\",\"@id\":\"https:\\\/\\\/secure.gravatar.com\\\/avatar\\\/b5920ff61d14f37c3c5cfad27bbbbe0a51a7935c98b2453a2ed402e47c41b93a?s=96&d=mm&r=g\",\"url\":\"https:\\\/\\\/secure.gravatar.com\\\/avatar\\\/b5920ff61d14f37c3c5cfad27bbbbe0a51a7935c98b2453a2ed402e47c41b93a?s=96&d=mm&r=g\",\"contentUrl\":\"https:\\\/\\\/secure.gravatar.com\\\/avatar\\\/b5920ff61d14f37c3c5cfad27bbbbe0a51a7935c98b2453a2ed402e47c41b93a?s=96&d=mm&r=g\",\"caption\":\"Shirley Charles\"},\"sameAs\":[\"http:\\\/\\\/capar77\"],\"url\":\"https:\\\/\\\/www.bve.ulaval.ca\\\/en\\\/author\\\/shcha20\\\/\"}]}<\/script>\n<!-- \/ Yoast SEO plugin. -->","yoast_head_json":{"title":"La D\u00e9l\u00e9gation de l'Universit\u00e9 Laval pour la SPECQUE (DULSPECQUE) recrute! | Bureau de la vie \u00e9tudiante","robots":{"index":"index","follow":"follow","max-snippet":"max-snippet:-1","max-image-preview":"max-image-preview:large","max-video-preview":"max-video-preview:-1"},"canonical":"https:\/\/www.bve.ulaval.ca\/en\/nouvelles\/la-delegation-de-luniversite-laval-pour-la-specque-dulspecque-recrute\/","og_locale":"en_US","og_type":"article","og_title":"La D\u00e9l\u00e9gation de l'Universit\u00e9 Laval pour la SPECQUE (DULSPECQUE) recrute! | Bureau de la vie \u00e9tudiante","og_description":"Envie de prendre part \u00e0 la plus grande simulation internationale francophone de l&#8217;Union europ\u00e9enne? Postulez d\u00e8s maintenant pour rejoindre la D\u00e9l\u00e9gation de l&#8217;Universit\u00e9 Laval pour la SPECQUE! La SPECQUE est une aventure remplie de d\u00e9couvertes, d&#8217;\u00e9changes culturels et de moments m\u00e9morables. Voici ce qui vous y attend: D\u00e9veloppez vos comp\u00e9tences en r\u00e9daction et d\u00e9livrance de [&hellip;]","og_url":"https:\/\/www.bve.ulaval.ca\/en\/nouvelles\/la-delegation-de-luniversite-laval-pour-la-specque-dulspecque-recrute\/","og_site_name":"Bureau de la vie \u00e9tudiante","article_publisher":"https:\/\/www.facebook.com\/BVEvieetudiante","article_published_time":"2025-10-03T11:28:50+00:00","og_image":[{"width":1293,"height":1034,"url":"https:\/\/www.bve.ulaval.ca\/wp-content\/uploads\/2025\/10\/specque.jpg","type":"image\/jpeg"}],"author":"Shirley Charles","twitter_misc":{"Written by":"Shirley Charles","Est. reading time":"2 minutes"},"schema":{"@context":"https:\/\/schema.org","@graph":[{"@type":"Article","@id":"https:\/\/www.bve.ulaval.ca\/en\/nouvelles\/la-delegation-de-luniversite-laval-pour-la-specque-dulspecque-recrute\/#article","isPartOf":{"@id":"https:\/\/www.bve.ulaval.ca\/en\/nouvelles\/la-delegation-de-luniversite-laval-pour-la-specque-dulspecque-recrute\/"},"author":{"name":"Shirley Charles","@id":"https:\/\/www.bve.ulaval.ca\/en\/#\/schema\/person\/d02f3d365a7c9bbb76f3fd476b1ce020"},"headline":"La D\u00e9l\u00e9gation de l&#8217;Universit\u00e9 Laval pour la SPECQUE (DULSPECQUE) recrute!","datePublished":"2025-10-03T11:28:50+00:00","mainEntityOfPage":{"@id":"https:\/\/www.bve.ulaval.ca\/en\/nouvelles\/la-delegation-de-luniversite-laval-pour-la-specque-dulspecque-recrute\/"},"wordCount":237,"image":{"@id":"https:\/\/www.bve.ulaval.ca\/en\/nouvelles\/la-delegation-de-luniversite-laval-pour-la-specque-dulspecque-recrute\/#primaryimage"},"thumbnailUrl":"https:\/\/www.bve.ulaval.ca\/wp-content\/uploads\/2025\/10\/specque-250x200.jpg","articleSection":["Nouvelles","Nouvelles - Associations \u00e9tudiantes"],"inLanguage":"en-US"},{"@type":"WebPage","@id":"https:\/\/www.bve.ulaval.ca\/en\/nouvelles\/la-delegation-de-luniversite-laval-pour-la-specque-dulspecque-recrute\/","url":"https:\/\/www.bve.ulaval.ca\/en\/nouvelles\/la-delegation-de-luniversite-laval-pour-la-specque-dulspecque-recrute\/","name":"La D\u00e9l\u00e9gation de l'Universit\u00e9 Laval pour la SPECQUE (DULSPECQUE) recrute! | Bureau de la vie \u00e9tudiante","isPartOf":{"@id":"https:\/\/www.bve.ulaval.ca\/en\/#website"},"primaryImageOfPage":{"@id":"https:\/\/www.bve.ulaval.ca\/en\/nouvelles\/la-delegation-de-luniversite-laval-pour-la-specque-dulspecque-recrute\/#primaryimage"},"image":{"@id":"https:\/\/www.bve.ulaval.ca\/en\/nouvelles\/la-delegation-de-luniversite-laval-pour-la-specque-dulspecque-recrute\/#primaryimage"},"thumbnailUrl":"https:\/\/www.bve.ulaval.ca\/wp-content\/uploads\/2025\/10\/specque-250x200.jpg","datePublished":"2025-10-03T11:28:50+00:00","author":{"@id":"https:\/\/www.bve.ulaval.ca\/en\/#\/schema\/person\/d02f3d365a7c9bbb76f3fd476b1ce020"},"breadcrumb":{"@id":"https:\/\/www.bve.ulaval.ca\/en\/nouvelles\/la-delegation-de-luniversite-laval-pour-la-specque-dulspecque-recrute\/#breadcrumb"},"inLanguage":"en-US","potentialAction":[{"@type":"ReadAction","target":["https:\/\/www.bve.ulaval.ca\/en\/nouvelles\/la-delegation-de-luniversite-laval-pour-la-specque-dulspecque-recrute\/"]}]},{"@type":"ImageObject","inLanguage":"en-US","@id":"https:\/\/www.bve.ulaval.ca\/en\/nouvelles\/la-delegation-de-luniversite-laval-pour-la-specque-dulspecque-recrute\/#primaryimage","url":"https:\/\/www.bve.ulaval.ca\/wp-content\/uploads\/2025\/10\/specque-250x200.jpg","contentUrl":"https:\/\/www.bve.ulaval.ca\/wp-content\/uploads\/2025\/10\/specque-250x200.jpg"},{"@type":"BreadcrumbList","@id":"https:\/\/www.bve.ulaval.ca\/en\/nouvelles\/la-delegation-de-luniversite-laval-pour-la-specque-dulspecque-recrute\/#breadcrumb","itemListElement":[{"@type":"ListItem","position":1,"name":"Accueil","item":"https:\/\/www.bve.ulaval.ca\/en\/"},{"@type":"ListItem","position":2,"name":"La D\u00e9l\u00e9gation de l&rsquo;Universit\u00e9 Laval pour la SPECQUE (DULSPECQUE) recrute!"}]},{"@type":"WebSite","@id":"https:\/\/www.bve.ulaval.ca\/en\/#website","url":"https:\/\/www.bve.ulaval.ca\/en\/","name":"Bureau de la vie \u00e9tudiante","description":"Universit\u00e9 Laval","potentialAction":[{"@type":"SearchAction","target":{"@type":"EntryPoint","urlTemplate":"https:\/\/www.bve.ulaval.ca\/en\/?s={search_term_string}"},"query-input":{"@type":"PropertyValueSpecification","valueRequired":true,"valueName":"search_term_string"}}],"inLanguage":"en-US"},{"@type":"Person","@id":"https:\/\/www.bve.ulaval.ca\/en\/#\/schema\/person\/d02f3d365a7c9bbb76f3fd476b1ce020","name":"Shirley Charles","image":{"@type":"ImageObject","inLanguage":"en-US","@id":"https:\/\/secure.gravatar.com\/avatar\/b5920ff61d14f37c3c5cfad27bbbbe0a51a7935c98b2453a2ed402e47c41b93a?s=96&d=mm&r=g","url":"https:\/\/secure.gravatar.com\/avatar\/b5920ff61d14f37c3c5cfad27bbbbe0a51a7935c98b2453a2ed402e47c41b93a?s=96&d=mm&r=g","contentUrl":"https:\/\/secure.gravatar.com\/avatar\/b5920ff61d14f37c3c5cfad27bbbbe0a51a7935c98b2453a2ed402e47c41b93a?s=96&d=mm&r=g","caption":"Shirley Charles"},"sameAs":["http:\/\/capar77"],"url":"https:\/\/www.bve.ulaval.ca\/en\/author\/shcha20\/"}]}},"_links":{"self":[{"href":"https:\/\/www.bve.ulaval.ca\/en\/wp-json\/wp\/v2\/posts\/171289","targetHints":{"allow":["GET"]}}],"collection":[{"href":"https:\/\/www.bve.ulaval.ca\/en\/wp-json\/wp\/v2\/posts"}],"about":[{"href":"https:\/\/www.bve.ulaval.ca\/en\/wp-json\/wp\/v2\/types\/post"}],"author":[{"embeddable":true,"href":"https:\/\/www.bve.ulaval.ca\/en\/wp-json\/wp\/v2\/users\/39"}],"replies":[{"embeddable":true,"href":"https:\/\/www.bve.ulaval.ca\/en\/wp-json\/wp\/v2\/comments?post=171289"}],"version-history":[{"count":0,"href":"https:\/\/www.bve.ulaval.ca\/en\/wp-json\/wp\/v2\/posts\/171289\/revisions"}],"wp:attachment":[{"href":"https:\/\/www.bve.ulaval.ca\/en\/wp-json\/wp\/v2\/media?parent=171289"}],"wp:term":[{"taxonomy":"category","embeddable":true,"href":"https:\/\/www.bve.ulaval.ca\/en\/wp-json\/wp\/v2\/categories?post=171289"},{"taxonomy":"post_tag","embeddable":true,"href":"https:\/\/www.bve.ulaval.ca\/en\/wp-json\/wp\/v2\/tags?post=171289"}],"curies":[{"name":"wp","href":"https:\/\/api.w.org\/{rel}","templated":true}]}}