{"id":171353,"date":"2025-10-07T07:24:45","date_gmt":"2025-10-07T11:24:45","guid":{"rendered":"https:\/\/www.bve.ulaval.ca\/?p=171353"},"modified":"2025-10-07T07:45:46","modified_gmt":"2025-10-07T11:45:46","slug":"ouverture-des-inscriptions-pour-la-simulation-francophone-des-nations-unies-de-luniversite-laval-sifnuul-2026","status":"publish","type":"post","link":"https:\/\/www.bve.ulaval.ca\/en\/nouvelles\/ouverture-des-inscriptions-pour-la-simulation-francophone-des-nations-unies-de-luniversite-laval-sifnuul-2026\/","title":{"rendered":"Ouverture des inscriptions pour la Simulation francophone des Nations Unies de l&#8217;Universit\u00e9 Laval (SiFNUUL) 2026"},"content":{"rendered":"<p><a href=\"https:\/\/www.bve.ulaval.ca\/wp-content\/uploads\/2025\/10\/sifnuul.jpg\"><img loading=\"lazy\" decoding=\"async\" class=\"alignright wp-image-171355 size-medium\" src=\"https:\/\/www.bve.ulaval.ca\/wp-content\/uploads\/2025\/10\/sifnuul-250x200.jpg\" alt=\"\" width=\"250\" height=\"200\" srcset=\"https:\/\/www.bve.ulaval.ca\/wp-content\/uploads\/2025\/10\/sifnuul-250x200.jpg 250w, https:\/\/www.bve.ulaval.ca\/wp-content\/uploads\/2025\/10\/sifnuul-700x560.jpg 700w, https:\/\/www.bve.ulaval.ca\/wp-content\/uploads\/2025\/10\/sifnuul-768x614.jpg 768w, https:\/\/www.bve.ulaval.ca\/wp-content\/uploads\/2025\/10\/sifnuul-120x96.jpg 120w, https:\/\/www.bve.ulaval.ca\/wp-content\/uploads\/2025\/10\/sifnuul.jpg 1293w\" sizes=\"auto, (max-width: 250px) 100vw, 250px\" \/><\/a>La SiFNUUL, unique simulation des Nations Unies enti\u00e8rement francophone en Am\u00e9rique du Nord, vous invite \u00e0 prendre part \u00e0 la simulation francophone des Nations Unies de l\u2019Universit\u00e9 Laval du <strong>5 au 8 mars 2026<\/strong>.<\/p>\n<p>Cette ann\u00e9e, 2 comit\u00e9s ind\u00e9pendants se r\u00e9uniront sous la forme d\u2019une assembl\u00e9e g\u00e9n\u00e9rale et d\u2019une cellule de crise pour discuter de l\u2019enjeu de la libert\u00e9 de presse.<\/p>\n<p>150 personnes participantes se mettront dans la peau de personnes d\u00e9l\u00e9gu\u00e9es des Nations Unies et reproduiront le fonctionnement des travaux des Nations Unies le temps d\u2019une fin de semaine.<\/p>\n<p>La SIFNUUL est une simulation qui se veut accessible et p\u00e9dagogique pour tous les niveaux, allant de novice \u00e0 initi\u00e9. C\u2019est une porte d\u2019entr\u00e9e vers le monde des relations internationales, mais \u00e9galement une exp\u00e9rience formatrice en ce qui concerne la prise de parole en public, la plaidoirie ou l\u2019application d\u2019exp\u00e9riences techniques (finance, ing\u00e9nierie, g\u00e9nie logiciel, g\u00e9ographie, droit) dans le domaine public.<\/p>\n<p>Les inscriptions, au co\u00fbt de 100$, sont ouvertes \u00e0 toutes les personnes \u00e9tudiantes et aucun processus de s\u00e9lection ne sera fait. Premier arriv\u00e9, premier inscrit. Il ne vous reste qu&#8217;\u00e0 remplir le <a href=\"https:\/\/forms.gle\/39QavT9qK4m2PopR6\" target=\"_blank\" rel=\"noopener\">formulaire d&#8217;inscription<\/a> rapidement. Ne manquez pas votre chance de vivre une exp\u00e9rience audacieuse et enrichissante!<\/p>\n<p><strong>Information<\/strong><br \/>\n<a href=\"https:\/\/www.facebook.com\/SiFNUUL\/?locale=fr_CA\" target=\"_blank\" rel=\"noopener\">Facebook SiFNUUL<\/a><br \/>\n<a href=\"https:\/\/www.instagram.com\/sifnuul\" target=\"_blank\" rel=\"noopener\">Instagram SiFNUUL<\/a><br \/>\n<a href=\"mailto:asifnuul@asso.ulaval.ca\">asifnuul@asso.ulaval.ca<\/a><\/p>\n","protected":false},"excerpt":{"rendered":"<p>La SiFNUUL, unique simulation des Nations Unies enti\u00e8rement francophone en Am\u00e9rique du Nord, vous invite \u00e0 prendre part \u00e0 la simulation francophone des Nations Unies de l\u2019Universit\u00e9 Laval du 5 au 8 mars 2026. Cette ann\u00e9e, 2 comit\u00e9s ind\u00e9pendants se r\u00e9uniront sous la forme d\u2019une assembl\u00e9e g\u00e9n\u00e9rale et d\u2019une cellule de crise pour discuter de [&hellip;]<\/p>\n","protected":false},"author":39,"featured_media":0,"comment_status":"closed","ping_status":"closed","sticky":false,"template":"","format":"standard","meta":{"_acf_changed":false,"footnotes":""},"categories":[4,53],"tags":[],"class_list":["post-171353","post","type-post","status-publish","format-standard","hentry","category-nouvelles","category-nouvelles-associations-etudiantes"],"acf":[],"yoast_head":"<!-- This site is optimized with the Yoast SEO plugin v27.5 - https:\/\/yoast.com\/product\/yoast-seo-wordpress\/ -->\n<title>Ouverture des inscriptions pour la Simulation francophone des Nations Unies de l&#039;Universit\u00e9 Laval (SiFNUUL) 2026 | Bureau de la vie \u00e9tudiante<\/title>\n<meta name=\"robots\" content=\"index, follow, max-snippet:-1, max-image-preview:large, max-video-preview:-1\" \/>\n<link rel=\"canonical\" href=\"https:\/\/www.bve.ulaval.ca\/en\/nouvelles\/ouverture-des-inscriptions-pour-la-simulation-francophone-des-nations-unies-de-luniversite-laval-sifnuul-2026\/\" \/>\n<meta property=\"og:locale\" content=\"en_US\" \/>\n<meta property=\"og:type\" content=\"article\" \/>\n<meta property=\"og:title\" content=\"Ouverture des inscriptions pour la Simulation francophone des Nations Unies de l&#039;Universit\u00e9 Laval (SiFNUUL) 2026 | Bureau de la vie \u00e9tudiante\" \/>\n<meta property=\"og:description\" content=\"La SiFNUUL, unique simulation des Nations Unies enti\u00e8rement francophone en Am\u00e9rique du Nord, vous invite \u00e0 prendre part \u00e0 la simulation francophone des Nations Unies de l\u2019Universit\u00e9 Laval du 5 au 8 mars 2026. Cette ann\u00e9e, 2 comit\u00e9s ind\u00e9pendants se r\u00e9uniront sous la forme d\u2019une assembl\u00e9e g\u00e9n\u00e9rale et d\u2019une cellule de crise pour discuter de [&hellip;]\" \/>\n<meta property=\"og:url\" content=\"https:\/\/www.bve.ulaval.ca\/en\/nouvelles\/ouverture-des-inscriptions-pour-la-simulation-francophone-des-nations-unies-de-luniversite-laval-sifnuul-2026\/\" \/>\n<meta property=\"og:site_name\" content=\"Bureau de la vie \u00e9tudiante\" \/>\n<meta property=\"article:publisher\" content=\"https:\/\/www.facebook.com\/BVEvieetudiante\" \/>\n<meta property=\"article:published_time\" content=\"2025-10-07T11:24:45+00:00\" \/>\n<meta property=\"article:modified_time\" content=\"2025-10-07T11:45:46+00:00\" \/>\n<meta property=\"og:image\" content=\"https:\/\/www.bve.ulaval.ca\/wp-content\/uploads\/2025\/10\/sifnuul.jpg\" \/>\n\t<meta property=\"og:image:width\" content=\"1293\" \/>\n\t<meta property=\"og:image:height\" content=\"1034\" \/>\n\t<meta property=\"og:image:type\" content=\"image\/jpeg\" \/>\n<meta name=\"author\" content=\"Shirley Charles\" \/>\n<meta name=\"twitter:label1\" content=\"Written by\" \/>\n\t<meta name=\"twitter:data1\" content=\"Shirley Charles\" \/>\n\t<meta name=\"twitter:label2\" content=\"Est. reading time\" \/>\n\t<meta name=\"twitter:data2\" content=\"2 minutes\" \/>\n<script type=\"application\/ld+json\" class=\"yoast-schema-graph\">{\"@context\":\"https:\\\/\\\/schema.org\",\"@graph\":[{\"@type\":\"Article\",\"@id\":\"https:\\\/\\\/www.bve.ulaval.ca\\\/en\\\/nouvelles\\\/ouverture-des-inscriptions-pour-la-simulation-francophone-des-nations-unies-de-luniversite-laval-sifnuul-2026\\\/#article\",\"isPartOf\":{\"@id\":\"https:\\\/\\\/www.bve.ulaval.ca\\\/en\\\/nouvelles\\\/ouverture-des-inscriptions-pour-la-simulation-francophone-des-nations-unies-de-luniversite-laval-sifnuul-2026\\\/\"},\"author\":{\"name\":\"Shirley Charles\",\"@id\":\"https:\\\/\\\/www.bve.ulaval.ca\\\/en\\\/#\\\/schema\\\/person\\\/d02f3d365a7c9bbb76f3fd476b1ce020\"},\"headline\":\"Ouverture des inscriptions pour la Simulation francophone des Nations Unies de l&#8217;Universit\u00e9 Laval (SiFNUUL) 2026\",\"datePublished\":\"2025-10-07T11:24:45+00:00\",\"dateModified\":\"2025-10-07T11:45:46+00:00\",\"mainEntityOfPage\":{\"@id\":\"https:\\\/\\\/www.bve.ulaval.ca\\\/en\\\/nouvelles\\\/ouverture-des-inscriptions-pour-la-simulation-francophone-des-nations-unies-de-luniversite-laval-sifnuul-2026\\\/\"},\"wordCount\":244,\"image\":{\"@id\":\"https:\\\/\\\/www.bve.ulaval.ca\\\/en\\\/nouvelles\\\/ouverture-des-inscriptions-pour-la-simulation-francophone-des-nations-unies-de-luniversite-laval-sifnuul-2026\\\/#primaryimage\"},\"thumbnailUrl\":\"https:\\\/\\\/www.bve.ulaval.ca\\\/wp-content\\\/uploads\\\/2025\\\/10\\\/sifnuul-250x200.jpg\",\"articleSection\":[\"Nouvelles\",\"Nouvelles - Associations \u00e9tudiantes\"],\"inLanguage\":\"en-US\"},{\"@type\":\"WebPage\",\"@id\":\"https:\\\/\\\/www.bve.ulaval.ca\\\/en\\\/nouvelles\\\/ouverture-des-inscriptions-pour-la-simulation-francophone-des-nations-unies-de-luniversite-laval-sifnuul-2026\\\/\",\"url\":\"https:\\\/\\\/www.bve.ulaval.ca\\\/en\\\/nouvelles\\\/ouverture-des-inscriptions-pour-la-simulation-francophone-des-nations-unies-de-luniversite-laval-sifnuul-2026\\\/\",\"name\":\"Ouverture des inscriptions pour la Simulation francophone des Nations Unies de l'Universit\u00e9 Laval (SiFNUUL) 2026 | Bureau de la vie \u00e9tudiante\",\"isPartOf\":{\"@id\":\"https:\\\/\\\/www.bve.ulaval.ca\\\/en\\\/#website\"},\"primaryImageOfPage\":{\"@id\":\"https:\\\/\\\/www.bve.ulaval.ca\\\/en\\\/nouvelles\\\/ouverture-des-inscriptions-pour-la-simulation-francophone-des-nations-unies-de-luniversite-laval-sifnuul-2026\\\/#primaryimage\"},\"image\":{\"@id\":\"https:\\\/\\\/www.bve.ulaval.ca\\\/en\\\/nouvelles\\\/ouverture-des-inscriptions-pour-la-simulation-francophone-des-nations-unies-de-luniversite-laval-sifnuul-2026\\\/#primaryimage\"},\"thumbnailUrl\":\"https:\\\/\\\/www.bve.ulaval.ca\\\/wp-content\\\/uploads\\\/2025\\\/10\\\/sifnuul-250x200.jpg\",\"datePublished\":\"2025-10-07T11:24:45+00:00\",\"dateModified\":\"2025-10-07T11:45:46+00:00\",\"author\":{\"@id\":\"https:\\\/\\\/www.bve.ulaval.ca\\\/en\\\/#\\\/schema\\\/person\\\/d02f3d365a7c9bbb76f3fd476b1ce020\"},\"breadcrumb\":{\"@id\":\"https:\\\/\\\/www.bve.ulaval.ca\\\/en\\\/nouvelles\\\/ouverture-des-inscriptions-pour-la-simulation-francophone-des-nations-unies-de-luniversite-laval-sifnuul-2026\\\/#breadcrumb\"},\"inLanguage\":\"en-US\",\"potentialAction\":[{\"@type\":\"ReadAction\",\"target\":[\"https:\\\/\\\/www.bve.ulaval.ca\\\/en\\\/nouvelles\\\/ouverture-des-inscriptions-pour-la-simulation-francophone-des-nations-unies-de-luniversite-laval-sifnuul-2026\\\/\"]}]},{\"@type\":\"ImageObject\",\"inLanguage\":\"en-US\",\"@id\":\"https:\\\/\\\/www.bve.ulaval.ca\\\/en\\\/nouvelles\\\/ouverture-des-inscriptions-pour-la-simulation-francophone-des-nations-unies-de-luniversite-laval-sifnuul-2026\\\/#primaryimage\",\"url\":\"https:\\\/\\\/www.bve.ulaval.ca\\\/wp-content\\\/uploads\\\/2025\\\/10\\\/sifnuul-250x200.jpg\",\"contentUrl\":\"https:\\\/\\\/www.bve.ulaval.ca\\\/wp-content\\\/uploads\\\/2025\\\/10\\\/sifnuul-250x200.jpg\"},{\"@type\":\"BreadcrumbList\",\"@id\":\"https:\\\/\\\/www.bve.ulaval.ca\\\/en\\\/nouvelles\\\/ouverture-des-inscriptions-pour-la-simulation-francophone-des-nations-unies-de-luniversite-laval-sifnuul-2026\\\/#breadcrumb\",\"itemListElement\":[{\"@type\":\"ListItem\",\"position\":1,\"name\":\"Accueil\",\"item\":\"https:\\\/\\\/www.bve.ulaval.ca\\\/en\\\/\"},{\"@type\":\"ListItem\",\"position\":2,\"name\":\"Ouverture des inscriptions pour la Simulation francophone des Nations Unies de l&rsquo;Universit\u00e9 Laval (SiFNUUL) 2026\"}]},{\"@type\":\"WebSite\",\"@id\":\"https:\\\/\\\/www.bve.ulaval.ca\\\/en\\\/#website\",\"url\":\"https:\\\/\\\/www.bve.ulaval.ca\\\/en\\\/\",\"name\":\"Bureau de la vie \u00e9tudiante\",\"description\":\"Universit\u00e9 Laval\",\"potentialAction\":[{\"@type\":\"SearchAction\",\"target\":{\"@type\":\"EntryPoint\",\"urlTemplate\":\"https:\\\/\\\/www.bve.ulaval.ca\\\/en\\\/?s={search_term_string}\"},\"query-input\":{\"@type\":\"PropertyValueSpecification\",\"valueRequired\":true,\"valueName\":\"search_term_string\"}}],\"inLanguage\":\"en-US\"},{\"@type\":\"Person\",\"@id\":\"https:\\\/\\\/www.bve.ulaval.ca\\\/en\\\/#\\\/schema\\\/person\\\/d02f3d365a7c9bbb76f3fd476b1ce020\",\"name\":\"Shirley Charles\",\"image\":{\"@type\":\"ImageObject\",\"inLanguage\":\"en-US\",\"@id\":\"https:\\\/\\\/secure.gravatar.com\\\/avatar\\\/b5920ff61d14f37c3c5cfad27bbbbe0a51a7935c98b2453a2ed402e47c41b93a?s=96&d=mm&r=g\",\"url\":\"https:\\\/\\\/secure.gravatar.com\\\/avatar\\\/b5920ff61d14f37c3c5cfad27bbbbe0a51a7935c98b2453a2ed402e47c41b93a?s=96&d=mm&r=g\",\"contentUrl\":\"https:\\\/\\\/secure.gravatar.com\\\/avatar\\\/b5920ff61d14f37c3c5cfad27bbbbe0a51a7935c98b2453a2ed402e47c41b93a?s=96&d=mm&r=g\",\"caption\":\"Shirley Charles\"},\"sameAs\":[\"http:\\\/\\\/capar77\"],\"url\":\"https:\\\/\\\/www.bve.ulaval.ca\\\/en\\\/author\\\/shcha20\\\/\"}]}<\/script>\n<!-- \/ Yoast SEO plugin. -->","yoast_head_json":{"title":"Ouverture des inscriptions pour la Simulation francophone des Nations Unies de l'Universit\u00e9 Laval (SiFNUUL) 2026 | Bureau de la vie \u00e9tudiante","robots":{"index":"index","follow":"follow","max-snippet":"max-snippet:-1","max-image-preview":"max-image-preview:large","max-video-preview":"max-video-preview:-1"},"canonical":"https:\/\/www.bve.ulaval.ca\/en\/nouvelles\/ouverture-des-inscriptions-pour-la-simulation-francophone-des-nations-unies-de-luniversite-laval-sifnuul-2026\/","og_locale":"en_US","og_type":"article","og_title":"Ouverture des inscriptions pour la Simulation francophone des Nations Unies de l'Universit\u00e9 Laval (SiFNUUL) 2026 | Bureau de la vie \u00e9tudiante","og_description":"La SiFNUUL, unique simulation des Nations Unies enti\u00e8rement francophone en Am\u00e9rique du Nord, vous invite \u00e0 prendre part \u00e0 la simulation francophone des Nations Unies de l\u2019Universit\u00e9 Laval du 5 au 8 mars 2026. Cette ann\u00e9e, 2 comit\u00e9s ind\u00e9pendants se r\u00e9uniront sous la forme d\u2019une assembl\u00e9e g\u00e9n\u00e9rale et d\u2019une cellule de crise pour discuter de [&hellip;]","og_url":"https:\/\/www.bve.ulaval.ca\/en\/nouvelles\/ouverture-des-inscriptions-pour-la-simulation-francophone-des-nations-unies-de-luniversite-laval-sifnuul-2026\/","og_site_name":"Bureau de la vie \u00e9tudiante","article_publisher":"https:\/\/www.facebook.com\/BVEvieetudiante","article_published_time":"2025-10-07T11:24:45+00:00","article_modified_time":"2025-10-07T11:45:46+00:00","og_image":[{"width":1293,"height":1034,"url":"https:\/\/www.bve.ulaval.ca\/wp-content\/uploads\/2025\/10\/sifnuul.jpg","type":"image\/jpeg"}],"author":"Shirley Charles","twitter_misc":{"Written by":"Shirley Charles","Est. reading time":"2 minutes"},"schema":{"@context":"https:\/\/schema.org","@graph":[{"@type":"Article","@id":"https:\/\/www.bve.ulaval.ca\/en\/nouvelles\/ouverture-des-inscriptions-pour-la-simulation-francophone-des-nations-unies-de-luniversite-laval-sifnuul-2026\/#article","isPartOf":{"@id":"https:\/\/www.bve.ulaval.ca\/en\/nouvelles\/ouverture-des-inscriptions-pour-la-simulation-francophone-des-nations-unies-de-luniversite-laval-sifnuul-2026\/"},"author":{"name":"Shirley Charles","@id":"https:\/\/www.bve.ulaval.ca\/en\/#\/schema\/person\/d02f3d365a7c9bbb76f3fd476b1ce020"},"headline":"Ouverture des inscriptions pour la Simulation francophone des Nations Unies de l&#8217;Universit\u00e9 Laval (SiFNUUL) 2026","datePublished":"2025-10-07T11:24:45+00:00","dateModified":"2025-10-07T11:45:46+00:00","mainEntityOfPage":{"@id":"https:\/\/www.bve.ulaval.ca\/en\/nouvelles\/ouverture-des-inscriptions-pour-la-simulation-francophone-des-nations-unies-de-luniversite-laval-sifnuul-2026\/"},"wordCount":244,"image":{"@id":"https:\/\/www.bve.ulaval.ca\/en\/nouvelles\/ouverture-des-inscriptions-pour-la-simulation-francophone-des-nations-unies-de-luniversite-laval-sifnuul-2026\/#primaryimage"},"thumbnailUrl":"https:\/\/www.bve.ulaval.ca\/wp-content\/uploads\/2025\/10\/sifnuul-250x200.jpg","articleSection":["Nouvelles","Nouvelles - Associations \u00e9tudiantes"],"inLanguage":"en-US"},{"@type":"WebPage","@id":"https:\/\/www.bve.ulaval.ca\/en\/nouvelles\/ouverture-des-inscriptions-pour-la-simulation-francophone-des-nations-unies-de-luniversite-laval-sifnuul-2026\/","url":"https:\/\/www.bve.ulaval.ca\/en\/nouvelles\/ouverture-des-inscriptions-pour-la-simulation-francophone-des-nations-unies-de-luniversite-laval-sifnuul-2026\/","name":"Ouverture des inscriptions pour la Simulation francophone des Nations Unies de l'Universit\u00e9 Laval (SiFNUUL) 2026 | Bureau de la vie \u00e9tudiante","isPartOf":{"@id":"https:\/\/www.bve.ulaval.ca\/en\/#website"},"primaryImageOfPage":{"@id":"https:\/\/www.bve.ulaval.ca\/en\/nouvelles\/ouverture-des-inscriptions-pour-la-simulation-francophone-des-nations-unies-de-luniversite-laval-sifnuul-2026\/#primaryimage"},"image":{"@id":"https:\/\/www.bve.ulaval.ca\/en\/nouvelles\/ouverture-des-inscriptions-pour-la-simulation-francophone-des-nations-unies-de-luniversite-laval-sifnuul-2026\/#primaryimage"},"thumbnailUrl":"https:\/\/www.bve.ulaval.ca\/wp-content\/uploads\/2025\/10\/sifnuul-250x200.jpg","datePublished":"2025-10-07T11:24:45+00:00","dateModified":"2025-10-07T11:45:46+00:00","author":{"@id":"https:\/\/www.bve.ulaval.ca\/en\/#\/schema\/person\/d02f3d365a7c9bbb76f3fd476b1ce020"},"breadcrumb":{"@id":"https:\/\/www.bve.ulaval.ca\/en\/nouvelles\/ouverture-des-inscriptions-pour-la-simulation-francophone-des-nations-unies-de-luniversite-laval-sifnuul-2026\/#breadcrumb"},"inLanguage":"en-US","potentialAction":[{"@type":"ReadAction","target":["https:\/\/www.bve.ulaval.ca\/en\/nouvelles\/ouverture-des-inscriptions-pour-la-simulation-francophone-des-nations-unies-de-luniversite-laval-sifnuul-2026\/"]}]},{"@type":"ImageObject","inLanguage":"en-US","@id":"https:\/\/www.bve.ulaval.ca\/en\/nouvelles\/ouverture-des-inscriptions-pour-la-simulation-francophone-des-nations-unies-de-luniversite-laval-sifnuul-2026\/#primaryimage","url":"https:\/\/www.bve.ulaval.ca\/wp-content\/uploads\/2025\/10\/sifnuul-250x200.jpg","contentUrl":"https:\/\/www.bve.ulaval.ca\/wp-content\/uploads\/2025\/10\/sifnuul-250x200.jpg"},{"@type":"BreadcrumbList","@id":"https:\/\/www.bve.ulaval.ca\/en\/nouvelles\/ouverture-des-inscriptions-pour-la-simulation-francophone-des-nations-unies-de-luniversite-laval-sifnuul-2026\/#breadcrumb","itemListElement":[{"@type":"ListItem","position":1,"name":"Accueil","item":"https:\/\/www.bve.ulaval.ca\/en\/"},{"@type":"ListItem","position":2,"name":"Ouverture des inscriptions pour la Simulation francophone des Nations Unies de l&rsquo;Universit\u00e9 Laval (SiFNUUL) 2026"}]},{"@type":"WebSite","@id":"https:\/\/www.bve.ulaval.ca\/en\/#website","url":"https:\/\/www.bve.ulaval.ca\/en\/","name":"Bureau de la vie \u00e9tudiante","description":"Universit\u00e9 Laval","potentialAction":[{"@type":"SearchAction","target":{"@type":"EntryPoint","urlTemplate":"https:\/\/www.bve.ulaval.ca\/en\/?s={search_term_string}"},"query-input":{"@type":"PropertyValueSpecification","valueRequired":true,"valueName":"search_term_string"}}],"inLanguage":"en-US"},{"@type":"Person","@id":"https:\/\/www.bve.ulaval.ca\/en\/#\/schema\/person\/d02f3d365a7c9bbb76f3fd476b1ce020","name":"Shirley Charles","image":{"@type":"ImageObject","inLanguage":"en-US","@id":"https:\/\/secure.gravatar.com\/avatar\/b5920ff61d14f37c3c5cfad27bbbbe0a51a7935c98b2453a2ed402e47c41b93a?s=96&d=mm&r=g","url":"https:\/\/secure.gravatar.com\/avatar\/b5920ff61d14f37c3c5cfad27bbbbe0a51a7935c98b2453a2ed402e47c41b93a?s=96&d=mm&r=g","contentUrl":"https:\/\/secure.gravatar.com\/avatar\/b5920ff61d14f37c3c5cfad27bbbbe0a51a7935c98b2453a2ed402e47c41b93a?s=96&d=mm&r=g","caption":"Shirley Charles"},"sameAs":["http:\/\/capar77"],"url":"https:\/\/www.bve.ulaval.ca\/en\/author\/shcha20\/"}]}},"_links":{"self":[{"href":"https:\/\/www.bve.ulaval.ca\/en\/wp-json\/wp\/v2\/posts\/171353","targetHints":{"allow":["GET"]}}],"collection":[{"href":"https:\/\/www.bve.ulaval.ca\/en\/wp-json\/wp\/v2\/posts"}],"about":[{"href":"https:\/\/www.bve.ulaval.ca\/en\/wp-json\/wp\/v2\/types\/post"}],"author":[{"embeddable":true,"href":"https:\/\/www.bve.ulaval.ca\/en\/wp-json\/wp\/v2\/users\/39"}],"replies":[{"embeddable":true,"href":"https:\/\/www.bve.ulaval.ca\/en\/wp-json\/wp\/v2\/comments?post=171353"}],"version-history":[{"count":0,"href":"https:\/\/www.bve.ulaval.ca\/en\/wp-json\/wp\/v2\/posts\/171353\/revisions"}],"wp:attachment":[{"href":"https:\/\/www.bve.ulaval.ca\/en\/wp-json\/wp\/v2\/media?parent=171353"}],"wp:term":[{"taxonomy":"category","embeddable":true,"href":"https:\/\/www.bve.ulaval.ca\/en\/wp-json\/wp\/v2\/categories?post=171353"},{"taxonomy":"post_tag","embeddable":true,"href":"https:\/\/www.bve.ulaval.ca\/en\/wp-json\/wp\/v2\/tags?post=171353"}],"curies":[{"name":"wp","href":"https:\/\/api.w.org\/{rel}","templated":true}]}}