{"id":171662,"date":"2025-11-14T08:51:50","date_gmt":"2025-11-14T13:51:50","guid":{"rendered":"https:\/\/www.bve.ulaval.ca\/?p=171662"},"modified":"2025-11-14T08:54:34","modified_gmt":"2025-11-14T13:54:34","slug":"ateliers-gratuits-sur-le-velo-dhiver","status":"publish","type":"post","link":"https:\/\/www.bve.ulaval.ca\/en\/nouvelles\/ateliers-gratuits-sur-le-velo-dhiver\/","title":{"rendered":"Ateliers gratuits sur le v\u00e9lo d&#8217;hiver"},"content":{"rendered":"<p><a href=\"https:\/\/www.bve.ulaval.ca\/wp-content\/uploads\/2025\/11\/atelier-velo.jpg\"><img loading=\"lazy\" decoding=\"async\" class=\"alignright wp-image-171665 size-medium\" src=\"https:\/\/www.bve.ulaval.ca\/wp-content\/uploads\/2025\/11\/atelier-velo-250x200.jpg\" alt=\"\" width=\"250\" height=\"200\" srcset=\"https:\/\/www.bve.ulaval.ca\/wp-content\/uploads\/2025\/11\/atelier-velo-250x200.jpg 250w, https:\/\/www.bve.ulaval.ca\/wp-content\/uploads\/2025\/11\/atelier-velo-700x560.jpg 700w, https:\/\/www.bve.ulaval.ca\/wp-content\/uploads\/2025\/11\/atelier-velo-768x614.jpg 768w, https:\/\/www.bve.ulaval.ca\/wp-content\/uploads\/2025\/11\/atelier-velo-120x96.jpg 120w, https:\/\/www.bve.ulaval.ca\/wp-content\/uploads\/2025\/11\/atelier-velo.jpg 1293w\" sizes=\"auto, (max-width: 250px) 100vw, 250px\" \/><\/a>La Coop Roue-Libre organise 2 ateliers gratuits sur le cyclisme hivernal, les <strong>25 novembre et 1er d\u00e9cembre 2025<\/strong>.<\/p>\n<p>Chaque atelier, limit\u00e9 \u00e0 10 personnes, est en partie une formation th\u00e9orique sur les bonnes pratiques du v\u00e9lo d&#8217;hiver, en plus d&#8217;\u00eatre une discussion afin de r\u00e9pondre aux questions des personnes participantes.<\/p>\n<p>R\u00e9servez votre place d\u00e8s maintenant en remplissant le <a href=\"https:\/\/l.facebook.com\/l.php?u=https%3A%2F%2Fdocs.google.com%2Fforms%2Fd%2Fe%2F1FAIpQLSckBkDJaBSg3lGGrHcWNCXkXGlyh-xLxBtSqTKQ9IQ914JmUw%2Fviewform%3Ffbclid%3DIwZXh0bgNhZW0CMTAAYnJpZBExbjJzZW9KN21IekQ2Y29hTHNydGMGYXBwX2lkEDIyMjAzOTE3ODgyMDA4OTIAAR6klAdb02Ja3bcBcytuzkPf_w2Mp_QfsApup2gAwG4kXyCb45RKgGqQJlS7XA_aem_00ifVT7S6jspqMny6_paZA&amp;h=AT35bdyo7Vyet0o9B6Kb-EgtzkZjcZLzsazvdaF5fLBX7eVM2jYtdtssIX_9iBRlUlYOejpaFspI8b4DPvUIeojzGZ-5b1snzFGIk4Nrn7zU1JB7U410KWmJ6mbdCkRAU_vAmfEhVphmVyJEMBhC0Q\" target=\"_blank\" rel=\"noopener\">formulaire<\/a>.<\/p>\n<p><strong>Information<\/strong><br \/>\n<a href=\"https:\/\/www.facebook.com\/share\/19k1T6TXEL\/\" target=\"_blank\" rel=\"noopener\">\u00c9v\u00e9nement Facebook<\/a><\/p>\n","protected":false},"excerpt":{"rendered":"<p>La Coop Roue-Libre organise 2 ateliers gratuits sur le cyclisme hivernal, les 25 novembre et 1er d\u00e9cembre 2025. Chaque atelier, limit\u00e9 \u00e0 10 personnes, est en partie une formation th\u00e9orique sur les bonnes pratiques du v\u00e9lo d&#8217;hiver, en plus d&#8217;\u00eatre une discussion afin de r\u00e9pondre aux questions des personnes participantes. R\u00e9servez votre place d\u00e8s maintenant [&hellip;]<\/p>\n","protected":false},"author":39,"featured_media":0,"comment_status":"closed","ping_status":"closed","sticky":false,"template":"","format":"standard","meta":{"_acf_changed":false,"footnotes":""},"categories":[4],"tags":[],"class_list":["post-171662","post","type-post","status-publish","format-standard","hentry","category-nouvelles"],"acf":[],"yoast_head":"<!-- This site is optimized with the Yoast SEO plugin v27.5 - https:\/\/yoast.com\/product\/yoast-seo-wordpress\/ -->\n<title>Ateliers gratuits sur le v\u00e9lo d&#039;hiver | Bureau de la vie \u00e9tudiante<\/title>\n<meta name=\"robots\" content=\"index, follow, max-snippet:-1, max-image-preview:large, max-video-preview:-1\" \/>\n<link rel=\"canonical\" href=\"https:\/\/www.bve.ulaval.ca\/en\/nouvelles\/ateliers-gratuits-sur-le-velo-dhiver\/\" \/>\n<meta property=\"og:locale\" content=\"en_US\" \/>\n<meta property=\"og:type\" content=\"article\" \/>\n<meta property=\"og:title\" content=\"Ateliers gratuits sur le v\u00e9lo d&#039;hiver | Bureau de la vie \u00e9tudiante\" \/>\n<meta property=\"og:description\" content=\"La Coop Roue-Libre organise 2 ateliers gratuits sur le cyclisme hivernal, les 25 novembre et 1er d\u00e9cembre 2025. Chaque atelier, limit\u00e9 \u00e0 10 personnes, est en partie une formation th\u00e9orique sur les bonnes pratiques du v\u00e9lo d&#8217;hiver, en plus d&#8217;\u00eatre une discussion afin de r\u00e9pondre aux questions des personnes participantes. R\u00e9servez votre place d\u00e8s maintenant [&hellip;]\" \/>\n<meta property=\"og:url\" content=\"https:\/\/www.bve.ulaval.ca\/en\/nouvelles\/ateliers-gratuits-sur-le-velo-dhiver\/\" \/>\n<meta property=\"og:site_name\" content=\"Bureau de la vie \u00e9tudiante\" \/>\n<meta property=\"article:publisher\" content=\"https:\/\/www.facebook.com\/BVEvieetudiante\" \/>\n<meta property=\"article:published_time\" content=\"2025-11-14T13:51:50+00:00\" \/>\n<meta property=\"article:modified_time\" content=\"2025-11-14T13:54:34+00:00\" \/>\n<meta property=\"og:image\" content=\"https:\/\/www.bve.ulaval.ca\/wp-content\/uploads\/2025\/11\/atelier-velo.jpg\" \/>\n\t<meta property=\"og:image:width\" content=\"1293\" \/>\n\t<meta property=\"og:image:height\" content=\"1034\" \/>\n\t<meta property=\"og:image:type\" content=\"image\/jpeg\" \/>\n<meta name=\"author\" content=\"Shirley Charles\" \/>\n<meta name=\"twitter:label1\" content=\"Written by\" \/>\n\t<meta name=\"twitter:data1\" content=\"Shirley Charles\" \/>\n\t<meta name=\"twitter:label2\" content=\"Est. reading time\" \/>\n\t<meta name=\"twitter:data2\" content=\"1 minute\" \/>\n<script type=\"application\/ld+json\" class=\"yoast-schema-graph\">{\"@context\":\"https:\\\/\\\/schema.org\",\"@graph\":[{\"@type\":\"Article\",\"@id\":\"https:\\\/\\\/www.bve.ulaval.ca\\\/en\\\/nouvelles\\\/ateliers-gratuits-sur-le-velo-dhiver\\\/#article\",\"isPartOf\":{\"@id\":\"https:\\\/\\\/www.bve.ulaval.ca\\\/en\\\/nouvelles\\\/ateliers-gratuits-sur-le-velo-dhiver\\\/\"},\"author\":{\"name\":\"Shirley Charles\",\"@id\":\"https:\\\/\\\/www.bve.ulaval.ca\\\/en\\\/#\\\/schema\\\/person\\\/d02f3d365a7c9bbb76f3fd476b1ce020\"},\"headline\":\"Ateliers gratuits sur le v\u00e9lo d&#8217;hiver\",\"datePublished\":\"2025-11-14T13:51:50+00:00\",\"dateModified\":\"2025-11-14T13:54:34+00:00\",\"mainEntityOfPage\":{\"@id\":\"https:\\\/\\\/www.bve.ulaval.ca\\\/en\\\/nouvelles\\\/ateliers-gratuits-sur-le-velo-dhiver\\\/\"},\"wordCount\":74,\"image\":{\"@id\":\"https:\\\/\\\/www.bve.ulaval.ca\\\/en\\\/nouvelles\\\/ateliers-gratuits-sur-le-velo-dhiver\\\/#primaryimage\"},\"thumbnailUrl\":\"https:\\\/\\\/www.bve.ulaval.ca\\\/wp-content\\\/uploads\\\/2025\\\/11\\\/atelier-velo-250x200.jpg\",\"articleSection\":[\"Nouvelles\"],\"inLanguage\":\"en-US\"},{\"@type\":\"WebPage\",\"@id\":\"https:\\\/\\\/www.bve.ulaval.ca\\\/en\\\/nouvelles\\\/ateliers-gratuits-sur-le-velo-dhiver\\\/\",\"url\":\"https:\\\/\\\/www.bve.ulaval.ca\\\/en\\\/nouvelles\\\/ateliers-gratuits-sur-le-velo-dhiver\\\/\",\"name\":\"Ateliers gratuits sur le v\u00e9lo d'hiver | Bureau de la vie \u00e9tudiante\",\"isPartOf\":{\"@id\":\"https:\\\/\\\/www.bve.ulaval.ca\\\/en\\\/#website\"},\"primaryImageOfPage\":{\"@id\":\"https:\\\/\\\/www.bve.ulaval.ca\\\/en\\\/nouvelles\\\/ateliers-gratuits-sur-le-velo-dhiver\\\/#primaryimage\"},\"image\":{\"@id\":\"https:\\\/\\\/www.bve.ulaval.ca\\\/en\\\/nouvelles\\\/ateliers-gratuits-sur-le-velo-dhiver\\\/#primaryimage\"},\"thumbnailUrl\":\"https:\\\/\\\/www.bve.ulaval.ca\\\/wp-content\\\/uploads\\\/2025\\\/11\\\/atelier-velo-250x200.jpg\",\"datePublished\":\"2025-11-14T13:51:50+00:00\",\"dateModified\":\"2025-11-14T13:54:34+00:00\",\"author\":{\"@id\":\"https:\\\/\\\/www.bve.ulaval.ca\\\/en\\\/#\\\/schema\\\/person\\\/d02f3d365a7c9bbb76f3fd476b1ce020\"},\"breadcrumb\":{\"@id\":\"https:\\\/\\\/www.bve.ulaval.ca\\\/en\\\/nouvelles\\\/ateliers-gratuits-sur-le-velo-dhiver\\\/#breadcrumb\"},\"inLanguage\":\"en-US\",\"potentialAction\":[{\"@type\":\"ReadAction\",\"target\":[\"https:\\\/\\\/www.bve.ulaval.ca\\\/en\\\/nouvelles\\\/ateliers-gratuits-sur-le-velo-dhiver\\\/\"]}]},{\"@type\":\"ImageObject\",\"inLanguage\":\"en-US\",\"@id\":\"https:\\\/\\\/www.bve.ulaval.ca\\\/en\\\/nouvelles\\\/ateliers-gratuits-sur-le-velo-dhiver\\\/#primaryimage\",\"url\":\"https:\\\/\\\/www.bve.ulaval.ca\\\/wp-content\\\/uploads\\\/2025\\\/11\\\/atelier-velo-250x200.jpg\",\"contentUrl\":\"https:\\\/\\\/www.bve.ulaval.ca\\\/wp-content\\\/uploads\\\/2025\\\/11\\\/atelier-velo-250x200.jpg\"},{\"@type\":\"BreadcrumbList\",\"@id\":\"https:\\\/\\\/www.bve.ulaval.ca\\\/en\\\/nouvelles\\\/ateliers-gratuits-sur-le-velo-dhiver\\\/#breadcrumb\",\"itemListElement\":[{\"@type\":\"ListItem\",\"position\":1,\"name\":\"Accueil\",\"item\":\"https:\\\/\\\/www.bve.ulaval.ca\\\/en\\\/\"},{\"@type\":\"ListItem\",\"position\":2,\"name\":\"Ateliers gratuits sur le v\u00e9lo d&rsquo;hiver\"}]},{\"@type\":\"WebSite\",\"@id\":\"https:\\\/\\\/www.bve.ulaval.ca\\\/en\\\/#website\",\"url\":\"https:\\\/\\\/www.bve.ulaval.ca\\\/en\\\/\",\"name\":\"Bureau de la vie \u00e9tudiante\",\"description\":\"Universit\u00e9 Laval\",\"potentialAction\":[{\"@type\":\"SearchAction\",\"target\":{\"@type\":\"EntryPoint\",\"urlTemplate\":\"https:\\\/\\\/www.bve.ulaval.ca\\\/en\\\/?s={search_term_string}\"},\"query-input\":{\"@type\":\"PropertyValueSpecification\",\"valueRequired\":true,\"valueName\":\"search_term_string\"}}],\"inLanguage\":\"en-US\"},{\"@type\":\"Person\",\"@id\":\"https:\\\/\\\/www.bve.ulaval.ca\\\/en\\\/#\\\/schema\\\/person\\\/d02f3d365a7c9bbb76f3fd476b1ce020\",\"name\":\"Shirley Charles\",\"image\":{\"@type\":\"ImageObject\",\"inLanguage\":\"en-US\",\"@id\":\"https:\\\/\\\/secure.gravatar.com\\\/avatar\\\/b5920ff61d14f37c3c5cfad27bbbbe0a51a7935c98b2453a2ed402e47c41b93a?s=96&d=mm&r=g\",\"url\":\"https:\\\/\\\/secure.gravatar.com\\\/avatar\\\/b5920ff61d14f37c3c5cfad27bbbbe0a51a7935c98b2453a2ed402e47c41b93a?s=96&d=mm&r=g\",\"contentUrl\":\"https:\\\/\\\/secure.gravatar.com\\\/avatar\\\/b5920ff61d14f37c3c5cfad27bbbbe0a51a7935c98b2453a2ed402e47c41b93a?s=96&d=mm&r=g\",\"caption\":\"Shirley Charles\"},\"sameAs\":[\"http:\\\/\\\/capar77\"],\"url\":\"https:\\\/\\\/www.bve.ulaval.ca\\\/en\\\/author\\\/shcha20\\\/\"}]}<\/script>\n<!-- \/ Yoast SEO plugin. -->","yoast_head_json":{"title":"Ateliers gratuits sur le v\u00e9lo d'hiver | Bureau de la vie \u00e9tudiante","robots":{"index":"index","follow":"follow","max-snippet":"max-snippet:-1","max-image-preview":"max-image-preview:large","max-video-preview":"max-video-preview:-1"},"canonical":"https:\/\/www.bve.ulaval.ca\/en\/nouvelles\/ateliers-gratuits-sur-le-velo-dhiver\/","og_locale":"en_US","og_type":"article","og_title":"Ateliers gratuits sur le v\u00e9lo d'hiver | Bureau de la vie \u00e9tudiante","og_description":"La Coop Roue-Libre organise 2 ateliers gratuits sur le cyclisme hivernal, les 25 novembre et 1er d\u00e9cembre 2025. Chaque atelier, limit\u00e9 \u00e0 10 personnes, est en partie une formation th\u00e9orique sur les bonnes pratiques du v\u00e9lo d&#8217;hiver, en plus d&#8217;\u00eatre une discussion afin de r\u00e9pondre aux questions des personnes participantes. R\u00e9servez votre place d\u00e8s maintenant [&hellip;]","og_url":"https:\/\/www.bve.ulaval.ca\/en\/nouvelles\/ateliers-gratuits-sur-le-velo-dhiver\/","og_site_name":"Bureau de la vie \u00e9tudiante","article_publisher":"https:\/\/www.facebook.com\/BVEvieetudiante","article_published_time":"2025-11-14T13:51:50+00:00","article_modified_time":"2025-11-14T13:54:34+00:00","og_image":[{"width":1293,"height":1034,"url":"https:\/\/www.bve.ulaval.ca\/wp-content\/uploads\/2025\/11\/atelier-velo.jpg","type":"image\/jpeg"}],"author":"Shirley Charles","twitter_misc":{"Written by":"Shirley Charles","Est. reading time":"1 minute"},"schema":{"@context":"https:\/\/schema.org","@graph":[{"@type":"Article","@id":"https:\/\/www.bve.ulaval.ca\/en\/nouvelles\/ateliers-gratuits-sur-le-velo-dhiver\/#article","isPartOf":{"@id":"https:\/\/www.bve.ulaval.ca\/en\/nouvelles\/ateliers-gratuits-sur-le-velo-dhiver\/"},"author":{"name":"Shirley Charles","@id":"https:\/\/www.bve.ulaval.ca\/en\/#\/schema\/person\/d02f3d365a7c9bbb76f3fd476b1ce020"},"headline":"Ateliers gratuits sur le v\u00e9lo d&#8217;hiver","datePublished":"2025-11-14T13:51:50+00:00","dateModified":"2025-11-14T13:54:34+00:00","mainEntityOfPage":{"@id":"https:\/\/www.bve.ulaval.ca\/en\/nouvelles\/ateliers-gratuits-sur-le-velo-dhiver\/"},"wordCount":74,"image":{"@id":"https:\/\/www.bve.ulaval.ca\/en\/nouvelles\/ateliers-gratuits-sur-le-velo-dhiver\/#primaryimage"},"thumbnailUrl":"https:\/\/www.bve.ulaval.ca\/wp-content\/uploads\/2025\/11\/atelier-velo-250x200.jpg","articleSection":["Nouvelles"],"inLanguage":"en-US"},{"@type":"WebPage","@id":"https:\/\/www.bve.ulaval.ca\/en\/nouvelles\/ateliers-gratuits-sur-le-velo-dhiver\/","url":"https:\/\/www.bve.ulaval.ca\/en\/nouvelles\/ateliers-gratuits-sur-le-velo-dhiver\/","name":"Ateliers gratuits sur le v\u00e9lo d'hiver | Bureau de la vie \u00e9tudiante","isPartOf":{"@id":"https:\/\/www.bve.ulaval.ca\/en\/#website"},"primaryImageOfPage":{"@id":"https:\/\/www.bve.ulaval.ca\/en\/nouvelles\/ateliers-gratuits-sur-le-velo-dhiver\/#primaryimage"},"image":{"@id":"https:\/\/www.bve.ulaval.ca\/en\/nouvelles\/ateliers-gratuits-sur-le-velo-dhiver\/#primaryimage"},"thumbnailUrl":"https:\/\/www.bve.ulaval.ca\/wp-content\/uploads\/2025\/11\/atelier-velo-250x200.jpg","datePublished":"2025-11-14T13:51:50+00:00","dateModified":"2025-11-14T13:54:34+00:00","author":{"@id":"https:\/\/www.bve.ulaval.ca\/en\/#\/schema\/person\/d02f3d365a7c9bbb76f3fd476b1ce020"},"breadcrumb":{"@id":"https:\/\/www.bve.ulaval.ca\/en\/nouvelles\/ateliers-gratuits-sur-le-velo-dhiver\/#breadcrumb"},"inLanguage":"en-US","potentialAction":[{"@type":"ReadAction","target":["https:\/\/www.bve.ulaval.ca\/en\/nouvelles\/ateliers-gratuits-sur-le-velo-dhiver\/"]}]},{"@type":"ImageObject","inLanguage":"en-US","@id":"https:\/\/www.bve.ulaval.ca\/en\/nouvelles\/ateliers-gratuits-sur-le-velo-dhiver\/#primaryimage","url":"https:\/\/www.bve.ulaval.ca\/wp-content\/uploads\/2025\/11\/atelier-velo-250x200.jpg","contentUrl":"https:\/\/www.bve.ulaval.ca\/wp-content\/uploads\/2025\/11\/atelier-velo-250x200.jpg"},{"@type":"BreadcrumbList","@id":"https:\/\/www.bve.ulaval.ca\/en\/nouvelles\/ateliers-gratuits-sur-le-velo-dhiver\/#breadcrumb","itemListElement":[{"@type":"ListItem","position":1,"name":"Accueil","item":"https:\/\/www.bve.ulaval.ca\/en\/"},{"@type":"ListItem","position":2,"name":"Ateliers gratuits sur le v\u00e9lo d&rsquo;hiver"}]},{"@type":"WebSite","@id":"https:\/\/www.bve.ulaval.ca\/en\/#website","url":"https:\/\/www.bve.ulaval.ca\/en\/","name":"Bureau de la vie \u00e9tudiante","description":"Universit\u00e9 Laval","potentialAction":[{"@type":"SearchAction","target":{"@type":"EntryPoint","urlTemplate":"https:\/\/www.bve.ulaval.ca\/en\/?s={search_term_string}"},"query-input":{"@type":"PropertyValueSpecification","valueRequired":true,"valueName":"search_term_string"}}],"inLanguage":"en-US"},{"@type":"Person","@id":"https:\/\/www.bve.ulaval.ca\/en\/#\/schema\/person\/d02f3d365a7c9bbb76f3fd476b1ce020","name":"Shirley Charles","image":{"@type":"ImageObject","inLanguage":"en-US","@id":"https:\/\/secure.gravatar.com\/avatar\/b5920ff61d14f37c3c5cfad27bbbbe0a51a7935c98b2453a2ed402e47c41b93a?s=96&d=mm&r=g","url":"https:\/\/secure.gravatar.com\/avatar\/b5920ff61d14f37c3c5cfad27bbbbe0a51a7935c98b2453a2ed402e47c41b93a?s=96&d=mm&r=g","contentUrl":"https:\/\/secure.gravatar.com\/avatar\/b5920ff61d14f37c3c5cfad27bbbbe0a51a7935c98b2453a2ed402e47c41b93a?s=96&d=mm&r=g","caption":"Shirley Charles"},"sameAs":["http:\/\/capar77"],"url":"https:\/\/www.bve.ulaval.ca\/en\/author\/shcha20\/"}]}},"_links":{"self":[{"href":"https:\/\/www.bve.ulaval.ca\/en\/wp-json\/wp\/v2\/posts\/171662","targetHints":{"allow":["GET"]}}],"collection":[{"href":"https:\/\/www.bve.ulaval.ca\/en\/wp-json\/wp\/v2\/posts"}],"about":[{"href":"https:\/\/www.bve.ulaval.ca\/en\/wp-json\/wp\/v2\/types\/post"}],"author":[{"embeddable":true,"href":"https:\/\/www.bve.ulaval.ca\/en\/wp-json\/wp\/v2\/users\/39"}],"replies":[{"embeddable":true,"href":"https:\/\/www.bve.ulaval.ca\/en\/wp-json\/wp\/v2\/comments?post=171662"}],"version-history":[{"count":3,"href":"https:\/\/www.bve.ulaval.ca\/en\/wp-json\/wp\/v2\/posts\/171662\/revisions"}],"predecessor-version":[{"id":171666,"href":"https:\/\/www.bve.ulaval.ca\/en\/wp-json\/wp\/v2\/posts\/171662\/revisions\/171666"}],"wp:attachment":[{"href":"https:\/\/www.bve.ulaval.ca\/en\/wp-json\/wp\/v2\/media?parent=171662"}],"wp:term":[{"taxonomy":"category","embeddable":true,"href":"https:\/\/www.bve.ulaval.ca\/en\/wp-json\/wp\/v2\/categories?post=171662"},{"taxonomy":"post_tag","embeddable":true,"href":"https:\/\/www.bve.ulaval.ca\/en\/wp-json\/wp\/v2\/tags?post=171662"}],"curies":[{"name":"wp","href":"https:\/\/api.w.org\/{rel}","templated":true}]}}